{"id":1793,"date":"2017-11-25T20:17:30","date_gmt":"2017-11-25T19:17:30","guid":{"rendered":"http:\/\/zonadelta.net\/atreides\/?p=1793"},"modified":"2025-05-02T23:43:51","modified_gmt":"2025-05-02T21:43:51","slug":"el-cementerio-de-los-libros-olvidados-4","status":"publish","type":"post","link":"http:\/\/zonadelta.net\/atreides\/?p=1793","title":{"rendered":"El cementerio de los libros olvidados (4)"},"content":{"rendered":"\n<figure class=\"wp-block-image size-full\"><a href=\"https:\/\/zonadelta.net\/atreides\/wp-content\/uploads\/2017\/11\/image.png\"><img loading=\"lazy\" decoding=\"async\" width=\"1000\" height=\"667\" src=\"https:\/\/zonadelta.net\/atreides\/wp-content\/uploads\/2017\/11\/image.png\" alt=\"\" class=\"wp-image-6523\" srcset=\"http:\/\/zonadelta.net\/atreides\/wp-content\/uploads\/2017\/11\/image.png 1000w, http:\/\/zonadelta.net\/atreides\/wp-content\/uploads\/2017\/11\/image-300x200.png 300w, http:\/\/zonadelta.net\/atreides\/wp-content\/uploads\/2017\/11\/image-768x512.png 768w\" sizes=\"auto, (max-width: 1000px) 100vw, 1000px\" \/><\/a><\/figure>\n\n\n\n<p>Hoy vamos a dedicar un especial a algunos de los libros de ciencia ficci\u00f3n que se han publicado durante 2017 y cuya calidad los hace comparables a los mejores a\u00f1os de la ciencia ficci\u00f3n.<\/p>\n\n\n\n<!--more-->\n\n\n<div class=\"wp-block-image\">\n<figure class=\"aligncenter size-large is-resized\"><img loading=\"lazy\" decoding=\"async\" width=\"674\" height=\"1024\" src=\"https:\/\/zonadelta.net\/atreides\/wp-content\/uploads\/2017\/11\/image-1-674x1024.png\" alt=\"\" class=\"wp-image-6524\" style=\"width:549px;height:auto\" srcset=\"http:\/\/zonadelta.net\/atreides\/wp-content\/uploads\/2017\/11\/image-1-674x1024.png 674w, http:\/\/zonadelta.net\/atreides\/wp-content\/uploads\/2017\/11\/image-1-197x300.png 197w, http:\/\/zonadelta.net\/atreides\/wp-content\/uploads\/2017\/11\/image-1-768x1168.png 768w, http:\/\/zonadelta.net\/atreides\/wp-content\/uploads\/2017\/11\/image-1-1010x1536.png 1010w, http:\/\/zonadelta.net\/atreides\/wp-content\/uploads\/2017\/11\/image-1-1347x2048.png 1347w, http:\/\/zonadelta.net\/atreides\/wp-content\/uploads\/2017\/11\/image-1.png 1684w\" sizes=\"auto, (max-width: 674px) 100vw, 674px\" \/><\/figure><\/div>\n\n\n<p><strong>El bosque oscuro de Cixin Liu\u00a0<\/strong> \u00a0 \u00a0 \u00a0 \u00a0 \u00a0 \u00a0<\/p>\n\n\n\n<p>En mi opini\u00f3n estamos ante uno de los escritores m\u00e1s brillantes imaginativos y originales de la ciencia ficci\u00f3n. Un nuevo Isaac Asimov dir\u00eda. Si el Problema de los tres Cuerpos es brillante, esta segunda parte, El Bosque Oscuro, es tan brillante si no m\u00e1s. Me gusta much\u00edsimo porque la amenaza de una invasi\u00f3n alien\u00edgena a la gran mayor\u00eda de escritores le servir\u00eda como m\u00ednimo hasta cerrar la trilog\u00eda y algunos lo convertir\u00edan en una saga pero Liu no.&nbsp; Es capaz de manejar un cl\u00e1sico como la invasi\u00f3n alien\u00edgena desde un punto totalmente nuevo y distinto. Generalmente las segundas partes son libros de transici\u00f3n pero aqu\u00ed de eso nada. No solo plantea la invasi\u00f3n, la convierte en el motor de la historia, poniendo a la humanidad ante este problema y las decisiones, en algunos casos muy sorprendentes que esta adopta a lo largo del tiempo.<\/p>\n\n\n\n<p>Tiene conceptos realmente geniales como los Vallados e incluso una soluci\u00f3n muy ingeniosa a la paradoja de Fermi.<\/p>\n\n\n\n<p>Se nota que tiene muy clara la historia general y que no le faltan ideas porque en lugar de estirar el chicle, la historia termina en el libro aunque deja abierta la tercera parte pero de nuevo con un cambio y un nuevo planteamiento.<\/p>\n\n\n\n<p>Una maravilla y un libro absolutamente imprescindible para los fans de la ciencia ficci\u00f3n. No hab\u00eda le\u00eddo un autor con tanta fuerza e imaginaci\u00f3n en mucho tiempo.<\/p>\n\n\n<div class=\"wp-block-image\">\n<figure class=\"aligncenter size-full is-resized\"><a href=\"https:\/\/zonadelta.net\/atreides\/wp-content\/uploads\/2017\/11\/image-2.png\"><img loading=\"lazy\" decoding=\"async\" width=\"181\" height=\"278\" src=\"https:\/\/zonadelta.net\/atreides\/wp-content\/uploads\/2017\/11\/image-2.png\" alt=\"\" class=\"wp-image-6526\" style=\"width:605px;height:auto\"\/><\/a><\/figure><\/div>\n\n\n<p>\u00a0 <strong>\u00a0La quinta estaci\u00f3n de N.K. Jemisin<\/strong><\/p>\n\n\n\n<p>Esta es la novela ganadora del <a href=\"http:\/\/zonadelta.net\/atreides\/?p=1608\">Hugo a mejor novela de 2016<\/a> y realmente es una novela fant\u00e1stica. En los dos sentidos en realidad porque recuerda mucho m\u00e1s a la fantas\u00eda que a la ciencia ficci\u00f3n cl\u00e1sica, pero como el planteamiento de los poderes de los Orogenes sigue la idea de Brandon Sanderson de que la magia tiene reglas como la f\u00edsica, adem\u00e1s de basar buena parte de lo que pasa en las estaciones y el clima, puede ser vista como ciencia ficci\u00f3n. Adem\u00e1s de la buena, con una protagonista a la que seguimos en tres etapas distintas de su vida, con unos poderes elementales de control de la tierra que la ponen en peligro y un planeta que cambia de forma habitual.<\/p>\n\n\n\n<p>Nuevamente es una novela con muchas ideas, una sociedad y un trasfondo muy rico y bastantes cosas que vas deduciendo por el contexto mientras que otras tantas quedan abiertas planteando dudas.<\/p>\n\n\n\n<p>Muy buena historia que se bebe m\u00e1s que se lee y cuya segunda parte gan\u00f3 nuevamente el hugo en este a\u00f1o. Adem\u00e1s, parece que va a haber serie de televisi\u00f3n. La haya o no, es magn\u00edfica y realmente muy recomendable.<\/p>\n\n\n<div class=\"wp-block-image\">\n<figure class=\"aligncenter size-full is-resized\"><img loading=\"lazy\" decoding=\"async\" width=\"659\" height=\"1000\" src=\"https:\/\/zonadelta.net\/atreides\/wp-content\/uploads\/2017\/11\/image-3.png\" alt=\"\" class=\"wp-image-6527\" style=\"width:561px;height:auto\" srcset=\"http:\/\/zonadelta.net\/atreides\/wp-content\/uploads\/2017\/11\/image-3.png 659w, http:\/\/zonadelta.net\/atreides\/wp-content\/uploads\/2017\/11\/image-3-198x300.png 198w\" sizes=\"auto, (max-width: 659px) 100vw, 659px\" \/><\/figure><\/div>\n\n\n<p><strong>Espada Auxiliar de Ann Leckie\u00a0<\/strong> \u00a0<\/p>\n\n\n\n<p>Segunda parte de Justicia Auxiliar, aunque esta vez solo ha estado nominada al Hugo.<\/p>\n\n\n\n<p>Contin\u00faa d\u00f3nde termin\u00f3 Justicia Auxiliar con la protagonista dirigi\u00e9ndose a un sistema pr\u00f3ximo mientras se prepara para el conflicto que se avecina. Es interesante ver la sociedad de esa estaci\u00f3n espacial, c\u00f3mo el planeta es sobre todo una fuente de recursos destacando entre ellos el t\u00e9. O al menos aparentemente porque se ver\u00e1 que hay m\u00e1s debajo de esto.<\/p>\n\n\n\n<p>El planteamiento est\u00e1 bien, la protagonista es muy interesante especialmente por sus caracter\u00edsticas \u00fanicas pero en realidad esta s\u00ed que es una segunda parte de transici\u00f3n que se limita a ahondar en algunos aspectos de las ideas de la primera parte y prepara todo para la continuaci\u00f3n. Es interesante y entretenida, pero me parece por debajo de Justicia Auxiliar&nbsp; y tambi\u00e9n por debajo de las dos anteriores.<\/p>\n\n\n\n<p>Un buen a\u00f1os de ciencia ficci\u00f3n, incluso la m\u00e1s floja tiene una calidad enorme pero las dos primeras son directamente obras maestras.<\/p>\n\n\n\n<p>Saludos fremen.<\/p>\n\n\n\n<p><\/p>\n","protected":false},"excerpt":{"rendered":"<p>Hoy vamos a dedicar un especial a algunos de los libros de ciencia ficci\u00f3n que se han publicado durante 2017 y cuya calidad los hace comparables a los mejores a\u00f1os de la ciencia ficci\u00f3n.<\/p>\n","protected":false},"author":2,"featured_media":0,"comment_status":"open","ping_status":"open","sticky":false,"template":"","format":"standard","meta":{"iawp_total_views":5,"footnotes":""},"categories":[48,80],"tags":[1076,1541,1540,167],"class_list":["post-1793","post","type-post","status-publish","format-standard","hentry","category-ciencia-ficcion-2","category-literatura","tag-cixin-liu","tag-jemisin","tag-leckie","tag-premios-hugo"],"_links":{"self":[{"href":"http:\/\/zonadelta.net\/atreides\/index.php?rest_route=\/wp\/v2\/posts\/1793","targetHints":{"allow":["GET"]}}],"collection":[{"href":"http:\/\/zonadelta.net\/atreides\/index.php?rest_route=\/wp\/v2\/posts"}],"about":[{"href":"http:\/\/zonadelta.net\/atreides\/index.php?rest_route=\/wp\/v2\/types\/post"}],"author":[{"embeddable":true,"href":"http:\/\/zonadelta.net\/atreides\/index.php?rest_route=\/wp\/v2\/users\/2"}],"replies":[{"embeddable":true,"href":"http:\/\/zonadelta.net\/atreides\/index.php?rest_route=%2Fwp%2Fv2%2Fcomments&post=1793"}],"version-history":[{"count":5,"href":"http:\/\/zonadelta.net\/atreides\/index.php?rest_route=\/wp\/v2\/posts\/1793\/revisions"}],"predecessor-version":[{"id":6528,"href":"http:\/\/zonadelta.net\/atreides\/index.php?rest_route=\/wp\/v2\/posts\/1793\/revisions\/6528"}],"wp:attachment":[{"href":"http:\/\/zonadelta.net\/atreides\/index.php?rest_route=%2Fwp%2Fv2%2Fmedia&parent=1793"}],"wp:term":[{"taxonomy":"category","embeddable":true,"href":"http:\/\/zonadelta.net\/atreides\/index.php?rest_route=%2Fwp%2Fv2%2Fcategories&post=1793"},{"taxonomy":"post_tag","embeddable":true,"href":"http:\/\/zonadelta.net\/atreides\/index.php?rest_route=%2Fwp%2Fv2%2Ftags&post=1793"}],"curies":[{"name":"wp","href":"https:\/\/api.w.org\/{rel}","templated":true}]}}