{"id":1555,"date":"2016-12-04T01:10:17","date_gmt":"2016-12-04T00:10:17","guid":{"rendered":"http:\/\/zonadelta.net\/atreides\/?p=1555"},"modified":"2017-09-15T10:16:27","modified_gmt":"2017-09-15T09:16:27","slug":"cronica-de-expocomic-2016","status":"publish","type":"post","link":"http:\/\/zonadelta.net\/atreides\/?p=1555","title":{"rendered":"Expocomic 2016"},"content":{"rendered":"<p><a title=\"cartel expocomic 2016_zpsztm4d1rn\" href=\"https:\/\/www.flickr.com\/photos\/152844763@N02\/37034388616\/in\/dateposted-public\/\" data-flickr-embed=\"true\"><img loading=\"lazy\" decoding=\"async\" class=\"\" src=\"https:\/\/farm5.staticflickr.com\/4405\/37034388616_39d23eb26e_z.jpg\" alt=\"cartel expocomic 2016_zpsztm4d1rn\" width=\"518\" height=\"784\" \/><\/a><\/p>\n<p><span style=\"font-size: 12px; font-style: italic; background-color: transparent; font-weight: 400;\">Cartel de Paco Roca<\/span><\/p>\n<p style=\"text-align: justify;\">Ten\u00eda curiosidad por ver qu\u00e9 tal ser\u00eda este a\u00f1o, aunque iba con las peores perspectivas pues lo reduc\u00edan a\u00fan m\u00e1s que el a\u00f1o pasado dej\u00e1ndolo en apenas dos d\u00edas y encima haci\u00e9ndolo coincidir, en un alarde de visi\u00f3n comercial, con el Real Madrid &#8211; Barcelona a las 16.15.<\/p>\n<p style=\"text-align: justify;\">Bueno, muchas sombras y unas cuantas luces. Comenzamos.<!--more--><\/p>\n<p style=\"text-align: justify;\"><strong>Comencemos por lo que en mi opini\u00f3n se deber\u00eda mejorar.<\/strong><\/p>\n<p style=\"text-align: justify;\">Llegu\u00e9 esta ma\u00f1ana y ya empec\u00e9 a mosquearme. Es verdad que este a\u00f1o no he ido acreditado, por asuntos personales se me pas\u00f3 solicitar la acreditaci\u00f3n, y lo que los otros a\u00f1os era simplemente una foto, lo he podido disfrutar directamente esta ma\u00f1ana.<\/p>\n<figure style=\"width: 640px\" class=\"wp-caption alignnone\"><a href=\"https:\/\/www.flickr.com\/photos\/152844763@N02\/36410100073\/in\/dateposted-public\/\"><img loading=\"lazy\" decoding=\"async\" src=\"https:\/\/farm5.staticflickr.com\/4407\/36410100073_b05e5ac2e7_z.jpg\" alt=\"IMG_20161203_114930_zpsj6z0indh\" width=\"640\" height=\"480\" \/><\/a><figcaption class=\"wp-caption-text\">Esa cola era para los que ya llev\u00e1bamos entrada. La de los que la compraban en el momento no era ni un cuarto de larga.<\/figcaption><\/figure>\n<p style=\"text-align: justify;\">Aunque ha cambiado la organizaci\u00f3n y ahora es easyfairs, hay males que se mantienen e incluso empeoran. Para empezar, aunque hemos cambiado de ubicaci\u00f3n y ahora est\u00e1 en el Ifema, mejor para aparcar pero una pasta, 45 minutos de cola llevando la entrada ya comprada como ellos mismos recomendaban. Pues bien, si comprabas la entrada en la taquilla, te saltabas la enoooorme cola y entrabas por otro sitio con una cola mucho m\u00e1s corta. Una vez haces la cola validas tu entrada, entonces te dan una pulsera y ya eres libre para entrar o salir del recinto sin ataduras.<\/p>\n<figure style=\"width: 640px\" class=\"wp-caption alignnone\"><a href=\"https:\/\/www.flickr.com\/photos\/152844763@N02\/37034390256\/in\/dateposted-public\/\"><img loading=\"lazy\" decoding=\"async\" src=\"https:\/\/farm5.staticflickr.com\/4419\/37034390256_58d7c12c8d_z.jpg\" alt=\"P1030909 - copia_zpsbctwg07u\" width=\"640\" height=\"360\" \/><\/a><figcaption class=\"wp-caption-text\">La cantidad de tiendas es enorme, pero no hay descuento por comprar en Expocomic<\/figcaption><\/figure>\n<p style=\"text-align: justify;\">Ya cuando entr\u00e9 me esperaba el habitual mercado persa y no me defraud\u00f3 con la ventaja de que el pabell\u00f3n 3 del Ifema es muy amplio y se pod\u00eda caminar con comodidad. Eso s\u00ed, ni el m\u00e1s m\u00ednimo descuento al comprar en las editoriales a pesar de lo que cuesta la entrada y que se ahorran el porcentaje de las librer\u00edas.<\/p>\n<p style=\"text-align: justify;\">Otra cosa de la que hay que hablar es del precio escandaloso de las entradas.<\/p>\n<p style=\"text-align: justify;\">En serio, 15 \u20ac por cada entrada no merece la pena, as\u00ed de claro.<\/p>\n<p style=\"text-align: justify;\">Menos mal que en el Black Friday se estiraron y se pod\u00edan comprar dos entradas por 15 \u20ac. Encima, el regalo del c\u00f3mic que se entregaba\u00a0desde la primera expoc\u00f3mic, all\u00e1 por 1998, ha desaparecido, ya no te regalan nada.<\/p>\n<p style=\"text-align: justify;\">Despu\u00e9s te dan un plano de lo m\u00e1s eficaz para guiarte y que incluye las actividades en un cuadrante por horas, un buen punto ah\u00ed. Pero, en cambio, tambin han quitado el librito de la feria que tambi\u00e9n te regalaban desde el primer expocomic con la portada que era el cartel del a\u00f1o y luego una breve semblanza de los invitados, c\u00f3mics e incluso p\u00e1ginas en blanco para que te pudieran firmar o hacer un dibujito. Todo eso fuera.<\/p>\n<figure style=\"width: 480px\" class=\"wp-caption alignnone\"><a href=\"https:\/\/www.flickr.com\/photos\/152844763@N02\/36410100113\/in\/dateposted-public\/\"><img loading=\"lazy\" decoding=\"async\" src=\"https:\/\/farm5.staticflickr.com\/4397\/36410100113_0786a596dc_z.jpg\" alt=\"IMG_20161203_105836_zpsmrrkmv5z\" width=\"480\" height=\"640\" \/><\/a><figcaption class=\"wp-caption-text\">Camiseta ad hoc para la ocasi\u00f3n<\/figcaption><\/figure>\n<p style=\"text-align: justify;\">Ya que menciono el cartel, en esta entrada ten\u00e9is el raro privilegio de poder verlo porque no hay ni el menor rastro de \u00e9l en la Expo. Ni fuera del Ifema, ni en la entrada del pabell\u00f3n 3 ni deambulando por dentro pude verlo. Si no fuera por la enorme cola se dir\u00eda que era una feria clandestina, solo los conocedores saben que est\u00e1 all\u00ed.<\/p>\n<p style=\"text-align: justify;\">En cuanto a invitados, ninguna estrella de relumbr\u00f3n, no digo ya comparable a traer a Frank Miller como hizo el Sal\u00f2 de Barcelona, sino que la gran mayor\u00eda son autores de segunda fila. A\u00fan as\u00ed trajeron al actor Ray Park, (Rondador Nocturno en X-Men 2 y Darth Maul en Star Wars I: La amenaza fantasma).<\/p>\n<p style=\"text-align: justify;\">De autores de c\u00f3mics, Bryan Talbot (Historia de una rata mala), Salvador Larroca (Iron Man), Mark Buckingham (Fabulas) o Juan Gim\u00e9nez (La casta de los Metabarones) posiblemente sean los autores m\u00e1s destacados, lo que est\u00e1 muy bien, pero tres de esos cuatro llevan a\u00f1os viniendo a Expocomic, as\u00ed que su impacto es menor no por su calidad sino por que no hay sorpresa.<\/p>\n<p style=\"text-align: justify;\">Algo que me preocupa mucho es que, desde hace a\u00f1os, las librer\u00edas de comics de Madrid no acuden a Expoc\u00f3mic. Hay algunas de segunda mano pero las novedades del mes, no est\u00e1n. Por ejemplo, no se pod\u00edan comprar las novedades de Marvel porque Panini no estaba.<\/p>\n<p>&nbsp;<\/p>\n<figure style=\"width: 480px\" class=\"wp-caption alignnone\"><a href=\"https:\/\/www.flickr.com\/photos\/152844763@N02\/36410100223\/in\/dateposted-public\/\"><img loading=\"lazy\" decoding=\"async\" src=\"https:\/\/farm5.staticflickr.com\/4439\/36410100223_cc898bb94a_z.jpg\" alt=\"P1030922_zpswqxstuvx\" width=\"480\" height=\"640\" \/><\/a><figcaption class=\"wp-caption-text\">Una de las tiendas hizo un claro homenaje a Sergio Sr. Rubio<\/figcaption><\/figure>\n<p style=\"text-align: justify;\">Esto es lo peor, pocos d\u00edas, muy caro, organizaci\u00f3n injusta de las colas, demasiado largas y ausencia de autores de relimbr\u00f3n, as\u00ed como haber quitado el librito y el c\u00f3mic de regalo es lo que creo que se deber\u00eda revisar y corregir para pr\u00f3ximos a\u00f1os.<\/p>\n<p style=\"text-align: justify;\">Dicho esto, me lo pas\u00e9 muy bien y ha habido muchas cosas que s\u00ed me han gustado.<\/p>\n<p style=\"text-align: justify;\"><strong>As\u00ed, pasamos a lo positivo.<\/strong><\/p>\n<p style=\"text-align: justify;\">Me ha gustado que volvieran editoriales como ECC o Norma y encontrar una enorme variedad de tiendas diversas. Las de merchandising japon\u00e9s y de camisetas, por supuesto no pod\u00edan faltar, \u00a0pero hab\u00eda stands de Lego, de Microsoft, de Fnac, de Faber Castell, un cuadril\u00e1tero de Wrestling con \u00abcombates\u00bb en directo, hab\u00eda una peque\u00f1a zona de m\u00e1quinas retro, de espadas, de rol, de ropa steampunk, etc.<\/p>\n<figure style=\"width: 640px\" class=\"wp-caption alignnone\"><a title=\"P1030910_zps2hsuvbke\" href=\"https:\/\/www.flickr.com\/photos\/152844763@N02\/36410100803\/in\/dateposted-public\/\" data-flickr-embed=\"true\"><img loading=\"lazy\" decoding=\"async\" src=\"https:\/\/farm5.staticflickr.com\/4376\/36410100803_8f28b9f152_z.jpg\" alt=\"P1030910_zps2hsuvbke\" width=\"640\" height=\"360\" \/><\/a><figcaption class=\"wp-caption-text\">La zona retro ten\u00eda bastante afluencia para jugar a Pacman, Galaga&#8230;<\/figcaption><\/figure>\n<p style=\"text-align: justify;\">Lo que me ha gustado mucho ha sido la Artist Alley, dos calles llenas de stands peque\u00f1os con un artista en cada stand mostrando su trabajo, firmando, etc. El nivel era asombrosamente alto, me ha gustado much\u00edsimo la idea porque hab\u00eda de todos los estilos, desde ilustraci\u00f3n con un estilo m\u00e1s infantil a otra con estilo m\u00e1s g\u00f3tico, pict\u00f3rico, con influencia de Moebius, etc. Eran artistas mucho menos conocidos, pero merece la pena dedicar un ratito a verlo porque, como digo, impresiona y si no son conocidos, por talento no ser\u00e1.<\/p>\n<figure style=\"width: 640px\" class=\"wp-caption alignnone\"><a title=\"P1030912 - copia_zpshiqs5k3y\" href=\"https:\/\/www.flickr.com\/photos\/152844763@N02\/36410100753\/in\/dateposted-public\/\" data-flickr-embed=\"true\"><img loading=\"lazy\" decoding=\"async\" src=\"https:\/\/farm5.staticflickr.com\/4416\/36410100753_4737e1b1cd_z.jpg\" alt=\"P1030912 - copia_zpshiqs5k3y\" width=\"640\" height=\"360\" \/><\/a><figcaption class=\"wp-caption-text\">Una de las \u00abfoodtrucks\u00bb<\/figcaption><\/figure>\n<p style=\"text-align: justify;\">Han cuidado bastante mejor que ning\u00fan otro a\u00f1o a los visitantes que quieran tomar algo y hab\u00eda un \u00e1rea bastante grande de food trucks con mucha variedad, desde la ya cl\u00e1sica comida japonesa a aut\u00e9nticos bocadillos chilenos, pasando por hamburguesas y otras variedades culinarias.<\/p>\n<figure style=\"width: 480px\" class=\"wp-caption alignnone\"><a title=\"P1030913\" href=\"https:\/\/www.flickr.com\/photos\/152844763@N02\/37082182151\/in\/dateposted-public\/\" data-flickr-embed=\"true\"><img loading=\"lazy\" decoding=\"async\" src=\"https:\/\/farm5.staticflickr.com\/4392\/37082182151_8ebceea39b_z.jpg\" alt=\"P1030913\" width=\"480\" height=\"640\" \/><\/a><figcaption class=\"wp-caption-text\">Ilustraci\u00f3n de Manuel Sanjuli\u00e1n para la exposici\u00f3n del Quijote<\/figcaption><\/figure>\n<p style=\"text-align: justify;\">En cuanto a las exposiciones estaba bien y han cuidado algo que se olvidaba mucho en a\u00f1os anteriores y es etiquetar los cuadros. El a\u00f1o pasado, por ejemplo, hubo una exposici\u00f3n de diversos autores sobre Star Wars y algunas de las ilustraciones eran estupendas pero m\u00e1s val\u00eda que el autor de la ilustraci\u00f3n que te hab\u00eda gustado la firmase porque si no reconoc\u00edas la firma te quedabas con las ganas. Este a\u00f1o no, una de las exposiciones era sobre el Quijote y estaba en general muy bien, etiquetando al autor de cada ilustraci\u00f3n.<\/p>\n<p style=\"text-align: justify;\">Otra exposici\u00f3n estaba dedicada a los veinte a\u00f1os de Astiberri como editorial. Un buen reconocimiento para una editorial que publica c\u00f3mics diferentes y basados en la calidad. Como todos con sus luces y sus sombras pero creo que con un resultado global muy positivo.<\/p>\n<figure style=\"width: 480px\" class=\"wp-caption alignnone\"><a title=\"P1030917_zpsj1yj9ymz\" href=\"https:\/\/www.flickr.com\/photos\/152844763@N02\/36410100283\/in\/dateposted-public\/\" data-flickr-embed=\"true\"><img loading=\"lazy\" decoding=\"async\" src=\"https:\/\/farm5.staticflickr.com\/4416\/36410100283_e713127ff0_z.jpg\" alt=\"P1030917_zpsj1yj9ymz\" width=\"480\" height=\"640\" \/><\/a><figcaption class=\"wp-caption-text\">Dos de los 10 autores que cambiaron la historia del C\u00f3mic: George P\u00e9rez y Jim Lee<\/figcaption><\/figure>\n<p style=\"text-align: justify;\">La \u00faltima, 10 autores que cambiaron la historia del c\u00f3mic es la m\u00e1s peque\u00f1a y, sin embargo, la m\u00e1s impresionante pues ah\u00ed estaba originales de gente como Frank Miller, John Byrne, Bill Sienkiewicz, Barry Smith o Jack Kirby entre otros.<\/p>\n<figure style=\"width: 640px\" class=\"wp-caption alignnone\"><a title=\"P1030924_zpsigsacifc\" href=\"https:\/\/www.flickr.com\/photos\/152844763@N02\/37034388966\/in\/dateposted-public\/\" data-flickr-embed=\"true\"><img loading=\"lazy\" decoding=\"async\" src=\"https:\/\/farm5.staticflickr.com\/4382\/37034388966_8155750ddb_z.jpg\" alt=\"P1030924_zpsigsacifc\" width=\"640\" height=\"480\" \/><\/a><figcaption class=\"wp-caption-text\">EL Stand de El arte del C\u00f3mic, espectacular la p\u00e1gina de Frank Miller para SIn City, cerca de 5.000 \u20ac<\/figcaption><\/figure>\n<p style=\"text-align: justify;\">Esta \u00faltima exposici\u00f3n la organiza <a href=\"http:\/\/elartedelcomic.com\/\">\u00abEl arte del c\u00f3mic\u00bb<\/a> una galer\u00eda de arte especializada en c\u00f3mic que est\u00e1 aqu\u00ed en Madrid. Tengo que decir que fue de lo m\u00e1s interesante de la visita a Expocomic hablar con Daniel Aldonza, due\u00f1o de la galer\u00eda y Mario Losada, que tiene la espectacular web <a href=\"https:\/\/www.lascosasquenoshacenfelices.com\/\">\u00abLas cosas que nos hacen felices\u00bb<\/a> Aparte de una conversaci\u00f3n muy amena e interesante, y que seguramente tendr\u00e1 continuidad en el tiempo, fue una gozada ver algunos de los originales que tanto uno como el otro ten\u00edan.<\/p>\n<p style=\"text-align: justify;\">Me alegr\u00f3 sobremanera que haya una galer\u00eda de originales y m\u00e1s a\u00fan que est\u00e9 aqu\u00ed en Madrid, me parece una visita ineludible si te gustan los c\u00f3mics. Adem\u00e1s, ambos son coleccionistas con alguna piezas de mucha, mucha envidia y es muy \u00fatil para saber cuando un original est\u00e1 sobrevalorado, cuando est\u00e1 barato, que autores son m\u00e1s pujantes actualmente, independientemente de los gustos de cada uno, claro.<\/p>\n<figure style=\"width: 640px\" class=\"wp-caption alignnone\"><a title=\"P1030930_zpsji5nlxw1\" href=\"https:\/\/www.flickr.com\/photos\/152844763@N02\/37082180101\/in\/dateposted-public\/\" data-flickr-embed=\"true\"><img loading=\"lazy\" decoding=\"async\" src=\"https:\/\/farm5.staticflickr.com\/4338\/37082180101_d076284fc8_z.jpg\" alt=\"P1030930_zpsji5nlxw1\" width=\"640\" height=\"360\" \/><\/a><figcaption class=\"wp-caption-text\">Las compras de Expoc\u00f3mic<\/figcaption><\/figure>\n<p style=\"text-align: justify;\">Me gust\u00f3 el stand de ECC, muy amplio y con much\u00edsimos c\u00f3mics ah\u00ed fue uno de los dos c\u00f3mics que compr\u00e9 La \u00faltima Cruzada, de Miller, Azzarello y John Romita Jr. A pesar de estar hasta arriba de gente ah\u00ed estaba Francisco Calder\u00f3n y su gente atendiendo a la gente con mucha amabilidad. Con el c\u00f3mic que te llevaras te regalaban una Chapa lenticular,, una chapa del Escuadr\u00f3n Suicida y un espectacular poster, realmente enorme, de Universo DC Renacimiento obra de Ivan Reis con un estilo tan deudor de Neal Adams que me hab\u00eda enga\u00f1ado.<\/p>\n<p style=\"text-align: justify;\">El stand de Norma este a\u00f1o era muy peque\u00f1ito pero ten\u00edan el c\u00f3mic que estaba buscando Tokio Ghost de Remender y Sean Murphy. Aqu\u00ed tambi\u00e9n me regalaron varios marcap\u00e1ginas de diversos c\u00f3mics.<\/p>\n<figure style=\"width: 397px\" class=\"wp-caption alignnone\"><a title=\"P10309284 con cmic_zpsdhqbksmj\" href=\"https:\/\/www.flickr.com\/photos\/152844763@N02\/37034388726\/in\/dateposted-public\/\" data-flickr-embed=\"true\"><img loading=\"lazy\" decoding=\"async\" src=\"https:\/\/farm5.staticflickr.com\/4396\/37034388726_b41b632e4a_z.jpg\" alt=\"P10309284 con cmic_zpsdhqbksmj\" width=\"397\" height=\"640\" \/><\/a><figcaption class=\"wp-caption-text\">El original de Carlos Pacheco y la p\u00e1gina ya impresa<\/figcaption><\/figure>\n<p style=\"text-align: justify;\">Aunque la gran estrella de este Expocomic ha sido la adquisici\u00f3n del primer original, una p\u00e1gina del Capit\u00e1n Am\u00e9rica 8, obra del gran Carlos Pacheco, en la que se enfrentan Hulk contra el N\u00f3mada, aunque con nuevo traje. Carlos Pacheco es mi dibujante favorito del desembarco de grandes dibujantes en USA. Con una admiraci\u00f3n confesa a Neal Adams, tiene un estilo cl\u00e1sico, s\u00f3lido y a la vez din\u00e1mico que me parece perfecto para los superh\u00e9roes. Tener un original suyo es algo que quer\u00eda desde siempre y esta p\u00e1gina est\u00e1 muy bien pues tiene una espectacular escena de Hulk en plena acci\u00f3n.<\/p>\n<p style=\"text-align: justify;\">En definitiva, ha sido una visita muy interesante a Expocomic. Tienen muchos errores que corregir y esperemos que a\u00fan est\u00e9n a tiempo, pero tambi\u00e9n tienen varios aciertos. Al menos, con mi hermano y un par de amigos suyos, me lo he pasado muy bien.<\/p>\n<p style=\"text-align: justify;\">Saludos fremen.<\/p>\n","protected":false},"excerpt":{"rendered":"<p>Cartel de Paco Roca Ten\u00eda curiosidad por ver qu\u00e9 tal ser\u00eda este a\u00f1o, aunque iba con las peores perspectivas pues lo reduc\u00edan a\u00fan m\u00e1s que el a\u00f1o pasado dej\u00e1ndolo en apenas dos d\u00edas y encima haci\u00e9ndolo coincidir, en un alarde de visi\u00f3n comercial, con el Real Madrid &#8211; Barcelona a las 16.15. Bueno, muchas sombras &hellip; <a href=\"http:\/\/zonadelta.net\/atreides\/?p=1555\" class=\"more-link\">Sigue leyendo <span class=\"screen-reader-text\">Expocomic 2016<\/span><\/a><\/p>\n","protected":false},"author":2,"featured_media":0,"comment_status":"open","ping_status":"open","sticky":false,"template":"","format":"standard","meta":{"iawp_total_views":9,"footnotes":""},"categories":[10,92],"tags":[1025,208,1022,1023,214,1024],"class_list":["post-1555","post","type-post","status-publish","format-standard","hentry","category-comic","category-superheroes","tag-bastante-por-mejorar","tag-capitan-america","tag-carlos-pacheco","tag-compra-de-originales","tag-hulk","tag-mercado-persa"],"_links":{"self":[{"href":"http:\/\/zonadelta.net\/atreides\/index.php?rest_route=\/wp\/v2\/posts\/1555","targetHints":{"allow":["GET"]}}],"collection":[{"href":"http:\/\/zonadelta.net\/atreides\/index.php?rest_route=\/wp\/v2\/posts"}],"about":[{"href":"http:\/\/zonadelta.net\/atreides\/index.php?rest_route=\/wp\/v2\/types\/post"}],"author":[{"embeddable":true,"href":"http:\/\/zonadelta.net\/atreides\/index.php?rest_route=\/wp\/v2\/users\/2"}],"replies":[{"embeddable":true,"href":"http:\/\/zonadelta.net\/atreides\/index.php?rest_route=%2Fwp%2Fv2%2Fcomments&post=1555"}],"version-history":[{"count":8,"href":"http:\/\/zonadelta.net\/atreides\/index.php?rest_route=\/wp\/v2\/posts\/1555\/revisions"}],"predecessor-version":[{"id":2083,"href":"http:\/\/zonadelta.net\/atreides\/index.php?rest_route=\/wp\/v2\/posts\/1555\/revisions\/2083"}],"wp:attachment":[{"href":"http:\/\/zonadelta.net\/atreides\/index.php?rest_route=%2Fwp%2Fv2%2Fmedia&parent=1555"}],"wp:term":[{"taxonomy":"category","embeddable":true,"href":"http:\/\/zonadelta.net\/atreides\/index.php?rest_route=%2Fwp%2Fv2%2Fcategories&post=1555"},{"taxonomy":"post_tag","embeddable":true,"href":"http:\/\/zonadelta.net\/atreides\/index.php?rest_route=%2Fwp%2Fv2%2Ftags&post=1555"}],"curies":[{"name":"wp","href":"https:\/\/api.w.org\/{rel}","templated":true}]}}