{"id":1495,"date":"2016-10-23T18:56:39","date_gmt":"2016-10-23T17:56:39","guid":{"rendered":"http:\/\/zonadelta.net\/atreides\/?p=1495"},"modified":"2025-05-02T23:39:32","modified_gmt":"2025-05-02T21:39:32","slug":"el-cementerio-de-los-libros-olvidados","status":"publish","type":"post","link":"http:\/\/zonadelta.net\/atreides\/?p=1495","title":{"rendered":"El cementerio de los libros olvidados"},"content":{"rendered":"\n<figure class=\"wp-block-image size-full\"><a href=\"https:\/\/zonadelta.net\/atreides\/wp-content\/uploads\/2016\/10\/image.png\"><img loading=\"lazy\" decoding=\"async\" width=\"1000\" height=\"667\" src=\"https:\/\/zonadelta.net\/atreides\/wp-content\/uploads\/2016\/10\/image.png\" alt=\"\" class=\"wp-image-6516\" srcset=\"http:\/\/zonadelta.net\/atreides\/wp-content\/uploads\/2016\/10\/image.png 1000w, http:\/\/zonadelta.net\/atreides\/wp-content\/uploads\/2016\/10\/image-300x200.png 300w, http:\/\/zonadelta.net\/atreides\/wp-content\/uploads\/2016\/10\/image-768x512.png 768w\" sizes=\"auto, (max-width: 1000px) 100vw, 1000px\" \/><\/a><figcaption class=\"wp-element-caption\">Librer\u00eda Lello en Oporto<\/figcaption><\/figure>\n\n\n\n<p>Se han acumulado bastantes lecturas desde el verano que merecen la pena ser rese\u00f1adas y que han quedado relegadas por otras aficiones, hasta hoy, en que las rescatamos del olvido.<\/p>\n\n\n\n<!--more-->\n\n\n<div class=\"wp-block-image\">\n<figure class=\"aligncenter is-resized\"><img decoding=\"async\" src=\"http:\/\/musiczine.es\/images\/stories\/2012\/el_prisionero_del_cielo.jpg\" alt=\"\" style=\"width:537px;height:auto\"\/><\/figure><\/div>\n\n\n<p><\/p>\n\n\n\n<p>El prisionero del cielo de Carlos Ruiz Zaf\u00f3n.<\/p>\n\n\n\n<p>Tercer libro ambientado en la Barcelona de la posguerra que comenz\u00f3 con La sombra del viento y continu\u00f3 con El juego del \u00e1ngel. La novela me ha producido tanta satisfacci\u00f3n como frustraci\u00f3n por el abrupto final. La historia de Ferm\u00edn Romero de Torres es muy interesante. La ambientaci\u00f3n, los personajes, las tramas son muy interesantes pero pr\u00e1cticamente todas ellas quedan cortadas por la mitad como di son un hacha hubieran dividido el libro. Ya me sorprendi\u00f3 que ni fuera excesivamente largo, unas 380 p\u00e1ginas, lo que no imaginaba es que se interrumpiera como Antena 3 yendo a anuncios. A d\u00eda de hoy no tiene tanta importancia pero es que el libro es de 2011 y es en este mes cuando se publica la continuaci\u00f3n. Me ha gustado y lo recomiendo pero sabiendo que la historia queda inconclusa.<\/p>\n\n\n<div class=\"wp-block-image\">\n<figure class=\"aligncenter\"><img decoding=\"async\" src=\"http:\/\/www.penumbria.mx\/wp-content\/uploads\/2016\/08\/luna.jpg\" alt=\"\"\/><\/figure><\/div>\n\n\n<p><\/p>\n\n\n\n<p>Luna. Luna Nueva de Ian McDonald.<\/p>\n\n\n\n<p>Primera novela que leo del autor que ha sido publicada en medio de grandes alaracas y siendo publicitada como el Juego de Tronos de la Ciencia Ficci\u00f3n. A m\u00ed me ha resultado un poco aburrida en su mayor parte. Trata, como no pdor\u00eda ser de otra manera, de varas casas que explotan la Luna. La ambientaci\u00f3n es muy interesante pues muestra como podr\u00eda ser la vida en la Luna y como afecta a todo el vivir en un sat\u00e9lite sin apenas gravedad propia y lejos de las leyes de la Tierra, recordando en muchos casos a un Salvaje Oeste. Hasta aqu\u00ed bien, pero salvo la historia de la guardaespaldas que est\u00e1 muy bien, las de los dem\u00e1s personajes me han interesao bastante menos. Quiz\u00e1 porque buscaba ese parecido con Juego de Tronos que, cuando ya has le\u00eddo el original, en los dem\u00e1s libros queda casi como postureo y suena mucho a ya visto. A\u00fan as\u00ed, es un libro interesante pero que las cr\u00edticas lo han presentado mejor que lo que me ha parecido a m\u00ed.<\/p>\n\n\n\n<figure class=\"wp-block-image\"><img decoding=\"async\" src=\"https:\/\/s.s-bol.com\/imgbase0\/imagebase2\/large\/FC\/5\/3\/5\/4\/9200000033864535.jpg\" alt=\"\"\/><\/figure>\n\n\n\n<p><\/p>\n\n\n\n<p>La promesa de Harlan Coben<\/p>\n\n\n\n<p>Me gusta ir alternando g\u00e9neros y suelo pasar de ciencia ficci\u00f3n a fantas\u00eda con alg\u00fan libro de g\u00e9nero negro o polic\u00edaco y Harlan Coben es uno de mis autores favoritos para ello. Este libro es de la serie de Myron Bolitar y me gusta porque cuenta las historias de un gran agente deportivo, realmente implicado con sus clientes hasta el extremo de investigar cr\u00edmenes que se cometen en ese \u00e1mbito. En este caso, el asunto es m\u00e1s personal y es el caso de las hijas de una amiga y de la pareja de Bolitar a las que oye hablando de como salieron, lo que hicieron y les pide que si alg\u00fan d\u00eda se encuentran en un apuro a salir por ah\u00ed, que le prometan que le llamaran. Ese ofrecimiento a espadas de los padres pero con la mejor intenci\u00f3n del mundo complicar\u00e1 mucho su vida. La novela es muy buena, ahonda mas en el protagonista a trav\u00e9s de la historia que cuenta que en las restantes novelas que se orientan m\u00e1s al mundo del deporte.<\/p>\n\n\n\n<figure class=\"wp-block-image\"><img decoding=\"async\" src=\"http:\/\/4.bp.blogspot.com\/_dT-3tsAzXJ0\/TTNR6W7lewI\/AAAAAAAADew\/K_AlMHcTl6Y\/w1200-h630-p-nu\/generaPortada.aspx.jpg\" alt=\"\"\/><\/figure>\n\n\n\n<p><\/p>\n\n\n\n<p>El miedo m\u00e1s profundo de Harlan Coben<\/p>\n\n\n\n<p>Es la otra novela de g\u00e9nero polic\u00edaco que le\u00ed entre Siete Evas y El prisionero del cielo. Realmente me gust\u00f3 m\u00e1s incluso que La promesa. En esta Myron Bolitar,q ue sigue bastante hecho polvo por su situaci\u00f3n personal, se encuentra con la sorpresa de que,uno, es probablemente padre de un reto\u00f1o y, dos, se muere y necesita un donante de m\u00e9dula con urgencia pero tiene la mala suerte que el donante de m\u00e9dula antes de donar ha desaparecido y esa desaparici\u00f3n entronca con un asesino en serie de hace unos a\u00f1os. Suena bastante rebuscado pero de esto sale una magn\u00edfica novela con un gui\u00f3n bien hilado y que se devora p\u00e1gina a p\u00e1gina.<\/p>\n\n\n\n<figure class=\"wp-block-image\"><img decoding=\"async\" src=\"https:\/\/unlibroparaestanoche.files.wordpress.com\/2016\/09\/image2.jpeg?w=500\" alt=\"\"\/><\/figure>\n\n\n\n<p><\/p>\n\n\n\n<p>Alcatraz contra los bibliotecarios malvados de Brandon Sanderson<\/p>\n\n\n\n<p>Soy muy fan de Brandon Sanderson. Creo que es un escritor con una imaginaci\u00f3n infinita y prol\u00edfico como pocos. Adem\u00e1s, es capaz de escribir varios libros al a\u00f1o y todos con una calidad enorme. Parece que el mercado adulto se le qued\u00f3 peque\u00f1o y empez\u00f3 con la serie de Alcatraz, unas novelas juveniles en las que el protagonista est\u00e1 empe\u00f1ado en demostrar que, contra todo lo que se sabe de \u00e9l, no es ning\u00fan h\u00e9roe sino todo lo contrario y que las bibliotecas son centros de control en nuestra tierra para enga\u00f1arnos y poder dominarnos. Original y divertida, sigue tieniendo mucha imaginaci\u00f3n aunque se queda lejos de sus obras m\u00e1s adultas, pero como entretenimiento es de calidad, se lee con inter\u00e9s y muy r\u00e1pido.<\/p>\n\n\n\n<figure class=\"wp-block-image\"><img decoding=\"async\" src=\"http:\/\/www.libros-mas-vendidos.com\/wp-content\/uploads\/2016\/06\/Pministeriotiempo.jpg\" alt=\"\"\/><\/figure>\n\n\n\n<p><\/p>\n\n\n\n<p>El tiempo es el que es de Ana\u00efs Schaaf y Javier Pascual<\/p>\n\n\n\n<p>Una joyita para todos los fans del ministerio de tiempo. Tres relatos cortos escritos por Ana\u00efs Schaaf, una de las principales guionistas de la serie y Javier Pascual, tambi\u00e9n guionista de la misma, que ampl\u00edan la serie en tres per\u00edodos hist\u00f3ricos distintos como son la edad media, el siglo XVII y la segunda guerra mundial y con especial importancia del personaje de Lola Mendieta. La escritura es sencilla y sin florituras, es como un gui\u00f3n de episodio novelado, pero el inter\u00e9s es m\u00e1ximo y se lee en un suspiro dejando, como la serie, con ganas de saber m\u00e1s.<\/p>\n\n\n\n<figure class=\"wp-block-image\"><img decoding=\"async\" src=\"https:\/\/2.bp.blogspot.com\/-sm7csNyFTNY\/VtGEiOkgjQI\/AAAAAAAALlM\/4SpKNuNxtB4\/s1600\/la%2Bmision%2Bdel%2Bbufon.jpg\" alt=\"\"\/><\/figure>\n\n\n\n<p><\/p>\n\n\n\n<p>La misi\u00f3n del buf\u00f3n de Robin Hobb.<\/p>\n\n\n\n<p>Hace once a\u00f1os se public\u00f3 el \u00faltimo libro de la trilog\u00eda del Vat\u00eddico, aqu\u00ed graciosamente publicado en cuatro discos por ser diferentes y cobrar dos veces, como hace Hollywod con las trilog\u00edas que adapta. Garrada aparte de la extinta Factor\u00eda de Ideas, en este 2016 se ha publicado la continuaci\u00f3n de la historia de Traspi\u00e9 Hidalgo, bastardo de los Vat\u00eddico y asesino de la corte. He de decir que es una continuaci\u00f3n directa. Esos a\u00f1os Traspi\u00e9, bastante afectado pro c\u00f3mo terminaron las cosas y por el creciente odio hacia los \u00abma\u00f1osos\u00bb aquellos que tienen un v\u00ednculo mental con un animal, se ha retirado a una peque\u00f1a granja habiendo sido dado por muerto. Por supuesto el retiro acaba al poco de que sea llamado con urgencia de nuevo a la capital del reino porque el pr\u00edncipe ha desaparecido y no queda claro que haya sido raptado o por el contrario haberse escapado. La novela tiene una seria pega como son las continuas alusiones a lo que pas\u00f3 en la trilog\u00eda de la que, he de reconocer, apenas me acordaba despu\u00e9s de once a\u00f1os, aunque la misma novela va poniendo las cosas en contexto conforme avanza la trama, aunque no quita la sensaci\u00f3n durante la misma de que hablan de cosas que deber\u00eda conocer pero que no recuerdo. La traducci\u00f3n es un gran acierto con detalles como llamar ma\u00f1osos a los que tienen la conexi\u00f3n con los animales porque transmite muy bien el desprecio y la desconfianza que hay hacia ellos, la novela est\u00e1 escrita con un ritmo muy \u00e1gil, los personajes est\u00e1n muy bien definidos y enfrentan decisiones dif\u00edciles con dudas y d\u00e1ndose cuenta de las consecuencias. Da gusto ver en tan buena forma a Robin Hobb porque le\u00ed alg\u00fan relato suyo e intent\u00e9 leer el primero de sus libros de \u00abLas leyes del mar\u00bb, Las Naves de la Magia, y lo dej\u00e9 por aburrido. Pero esta trilog\u00eda comienza muy bien con una historia completa cerrada pero augurando un futuro complicado. Afortunadamente en breve se publicar\u00e1 la segunda parte El buf\u00f3n dorado.<\/p>\n\n\n\n<p>No est\u00e1 mal siete libros en verano sin contar <a href=\"http:\/\/zonadelta.net\/atreides\/?p=1347\">Siete Evas<\/a> y he tenido la suerte de que todos me han gustado o, por lo menos, me han parecido interesantes. Salvo <a href=\"http:\/\/zonadelta.net\/atreides\/?p=1347\">Siete Evas<\/a> que es directamente una maravilla.<\/p>\n","protected":false},"excerpt":{"rendered":"<p>Se han acumulado bastantes lecturas desde el verano que merecen la pena ser rese\u00f1adas y que han quedado relegadas por otras aficiones, hasta hoy, en que las rescatamos del olvido.<\/p>\n","protected":false},"author":2,"featured_media":0,"comment_status":"open","ping_status":"open","sticky":false,"template":"","format":"standard","meta":{"iawp_total_views":30,"footnotes":""},"categories":[48,93,80,94,412],"tags":[952,954,953,944,951,955],"class_list":["post-1495","post","type-post","status-publish","format-standard","hentry","category-ciencia-ficcion-2","category-fantasia","category-literatura","category-policiaco","category-thriller","tag-coben","tag-hobb","tag-ian-macdonald","tag-ministerio-del-tiempo","tag-sanderson","tag-zafon"],"_links":{"self":[{"href":"http:\/\/zonadelta.net\/atreides\/index.php?rest_route=\/wp\/v2\/posts\/1495","targetHints":{"allow":["GET"]}}],"collection":[{"href":"http:\/\/zonadelta.net\/atreides\/index.php?rest_route=\/wp\/v2\/posts"}],"about":[{"href":"http:\/\/zonadelta.net\/atreides\/index.php?rest_route=\/wp\/v2\/types\/post"}],"author":[{"embeddable":true,"href":"http:\/\/zonadelta.net\/atreides\/index.php?rest_route=\/wp\/v2\/users\/2"}],"replies":[{"embeddable":true,"href":"http:\/\/zonadelta.net\/atreides\/index.php?rest_route=%2Fwp%2Fv2%2Fcomments&post=1495"}],"version-history":[{"count":10,"href":"http:\/\/zonadelta.net\/atreides\/index.php?rest_route=\/wp\/v2\/posts\/1495\/revisions"}],"predecessor-version":[{"id":6520,"href":"http:\/\/zonadelta.net\/atreides\/index.php?rest_route=\/wp\/v2\/posts\/1495\/revisions\/6520"}],"wp:attachment":[{"href":"http:\/\/zonadelta.net\/atreides\/index.php?rest_route=%2Fwp%2Fv2%2Fmedia&parent=1495"}],"wp:term":[{"taxonomy":"category","embeddable":true,"href":"http:\/\/zonadelta.net\/atreides\/index.php?rest_route=%2Fwp%2Fv2%2Fcategories&post=1495"},{"taxonomy":"post_tag","embeddable":true,"href":"http:\/\/zonadelta.net\/atreides\/index.php?rest_route=%2Fwp%2Fv2%2Ftags&post=1495"}],"curies":[{"name":"wp","href":"https:\/\/api.w.org\/{rel}","templated":true}]}}