{"id":1410,"date":"2016-09-15T13:47:01","date_gmt":"2016-09-15T12:47:01","guid":{"rendered":"http:\/\/zonadelta.net\/atreides\/?p=1410"},"modified":"2016-09-20T12:18:28","modified_gmt":"2016-09-20T11:18:28","slug":"final-fantasy-xv-kingsglaive","status":"publish","type":"post","link":"http:\/\/zonadelta.net\/atreides\/?p=1410","title":{"rendered":"Final Fantasy XV Kingsglaive"},"content":{"rendered":"<p style=\"text-align: justify;\"><img loading=\"lazy\" decoding=\"async\" class=\"alignnone size-large\" src=\"http:\/\/www.animebaz.com\/wp-content\/uploads\/Kingsglaive-Final-Fantasy-XV-725x1024.jpg\" alt=\"\" width=\"725\" height=\"1024\" \/><\/p>\n<p style=\"text-align: justify;\">No se puede decir que no le est\u00e9 dando oportunidades a Final Fantasy XV para que me guste. Primero las dos demos: no me gust\u00f3 demasiado la primera y me horroriz\u00f3 la segunda. A\u00fan as\u00ed, me gusta el Anime, me suele gustar Final Fantasy as\u00ed que, a pesar de las cr\u00edticas que ha recibido la pel\u00edcula me lanc\u00e9 a verla sin haberlas le\u00eddo. No me gusta tener demasiada informaci\u00f3n pues puede influir, prefiero investigar una vez ya me he hecho una idea.<\/p>\n<p style=\"text-align: justify;\">En este caso yo la he disfrutado mucho, pero no es ni mucho menos perfecta.<\/p>\n<p style=\"text-align: justify;\"><iframe loading=\"lazy\" src=\"https:\/\/www.youtube.com\/embed\/htnkOpknGok\" width=\"560\" height=\"315\" frameborder=\"0\" allowfullscreen=\"allowfullscreen\"><\/iframe><!--more--><\/p>\n<p style=\"text-align: justify;\">Cuando te enfrentas a la pel\u00edcula lo primero que te impacta es la calidad de sus im\u00e1genes. No es solo que los dise\u00f1os son bell\u00edsimos, con esa mezcla entre actuales y fant\u00e1sticos, sino que la calidad de la animaci\u00f3n es superlativa. Mientras flipas con las im\u00e1genes te van contando el enfrentamiento del imperio de Nifleheim con, esencialmente, todo el mundo. Esto en esencia no es muy original, pr\u00e1cticamente es lo que sucede en Final Fantasy VI o en Final Fantasy Type-0. De cualquier manera, no es m\u00e1s que le planteamiento inicial e historias que transcurren en una guerra m\u00e1s que no ser original podr\u00eda ser un g\u00e9nero en s\u00ed mismo y lo que importa es que lo que cuenten est\u00e9 bien. Cuentan las \u00faltimas fases del enfrentamiento entre Lucis, que hasta el momento hab\u00eda aguantado contra el imperio de Nifleheim pero que finalmente acuerda una paz con la condici\u00f3n de ceder todos sus territorios salvo la capital y la boda entre el pr\u00edncipe Noctis de Lucis y la princesa Luna de Tenebrae, ya anexionada por el imperio. En medio de todo ello vemos como Insomnia est\u00e1 protegida por un escudo llamado \u00abnuevo\u00bb que procede de la magia del Rey y que ha resistido todos los ataques en 150 a\u00f1os de guerras y paces, aunque hay otro muro llamado \u00abantiguo\u00bb que no se usa pero que se activar\u00e1 y es espectacular. A todo esto, los protagonistas de esta historia son dos de los miembros de las fuerzas especiales de Lucis, Nyx Ulric y Libertus que llegar\u00e1n por caminos distintos a proteger a la princesa Luna.<\/p>\n<p style=\"text-align: justify;\">La historia no es rompedora pero es entretenida, los personajes est\u00e1n bien y hay un interesante contraste entre el h\u00e9roe de una pieza que es Nyx, que es un arquetipo, y Libertus, que tiene bastante m\u00e1s dudas, se cuestiona el acuerdo de paz, busca otras opciones y llega a ser \u00e9l mismo un h\u00e9roe siguiendo un camino menos directo. Luna, a pesar de que esta era una buena ocasi\u00f3n para conocerla mejor, realmente no aporta demasiado.<\/p>\n<p style=\"text-align: justify;\">El emperador de Nifleheim y su Canciller s\u00ed que tienen bastante m\u00e1s chicha con caracteres bien definidos y, aunque son malos mal\u00edsimos, son bastante complejos en la gloriosa l\u00ednea de los malos de Final Fantasy record\u00e1ndome el Canciller, lejanamente, a Kefka.<\/p>\n<p style=\"text-align: justify;\">La historia est\u00e1 trufada de enfrentamientos mostrando de manera espectacular los poderes que se han podido ver en la primera demo de Final Fantasy XV y contra una amplia variedad de enemigos con menci\u00f3n especial para los impresionantes y enormes \u00abCadentes\u00bb.<\/p>\n<p style=\"text-align: justify;\">A\u00fan as\u00ed, en la parte final de la pel\u00edcula, ya empiezan a cansar un poco porque es enfrentamiento tras enfrentamiento. Adem\u00e1s, en alg\u00fan momento las animaciones, impecables casi siempre, se ven como si fueran a c\u00e1mara r\u00e1pida creando un efecto raro.<\/p>\n<figure style=\"width: 1024px\" class=\"wp-caption alignnone\"><a href=\"http:\/\/i1347.photobucket.com\/albums\/p706\/AtreidesXXI\/Kingsglaive%20Final%20Fantasy%20XV0426532016-09-15-14-23-44_zpsyqznpmhz.jpg\"><img loading=\"lazy\" decoding=\"async\" class=\"size-large\" src=\"http:\/\/i1347.photobucket.com\/albums\/p706\/AtreidesXXI\/Kingsglaive%20Final%20Fantasy%20XV0426532016-09-15-14-23-44_zpsyqznpmhz.jpg\" alt=\"Nyx - Menudo cochazo Capit\u00e1n Drautos - Es del pr\u00edncipe Anuncios dentro de la pel\u00edcula.\" width=\"1024\" height=\"425\" \/><\/a><figcaption class=\"wp-caption-text\">Nyx &#8211; Menudo cochazo. \u00a0Capit\u00e1n Drautos &#8211; Es del pr\u00edncipe. Anuncios dentro de la pel\u00edcula.<\/figcaption><\/figure>\n<p style=\"text-align: justify;\">Una cosa que no me gusta y me saca bastante de la pel\u00edcula cada vez que aparece son los coches de la marca Audi. Es en un universo en el que hay magia, no tienen nada que ver con el nuestro, y conducen Audi. Canta mucho y a m\u00ed me saca de la historia cada vez que pasa, la verdad.<\/p>\n<p style=\"text-align: justify;\">La m\u00fasica, \u00e9pica y muy adecuada. El doblaje al castellano es muy bueno, y el doblaje en ingl\u00e9s adem\u00e1s tiene el lujo de contar con Aaron Paul (Breaking Bad), Sean Bean (El se\u00f1or de los anillos) y Lena Hedey (Juego de Tronos).<\/p>\n<p style=\"text-align: justify;\">Hay quien considera la pel\u00edcula como una intro de dos horas. No le puedo quitar del todo la raz\u00f3n, aunque en realidad trata otro aspecto como es conocer mejor a Luna que es la prometida a la que vamos a buscar en el juego, y poder odiar ampliamente al emperador y al canciller con buenos argumentos porque, en lugar de que nos lo cuenten, vemos lo que hacen.<\/p>\n<p style=\"text-align: justify;\">Los art\u00edfices de esta estupenda pel\u00edcula de acci\u00f3n son el productor Hajime Tabata, que dirige el juego Final Fantasy XV, el director Takeshi Nozue que tambi\u00e9n dirigi\u00f3 la estupenda Final Fantasy VII Advent Children y el guionista Takashi Hasegawa.<\/p>\n<p style=\"text-align: justify;\">Desde luego, la pel\u00edcula es recomendable para fans de Final Fantasy y para los que les guste el anime de acci\u00f3n y fantas\u00eda. No pasar\u00e1 a la historia porque est\u00e1 un tanto desequilibrada, empieza con mucha fuerza pero quiz\u00e1 se alarga demasiado artificialmente con muchos enfrentamientos que pueden ser redundantes porque, aunque cada uno de ellos es digno de verse, cansa un poco por acumulaci\u00f3n. A\u00fan as\u00ed merece mucho la pena como producto en s\u00ed mismo y como generador de hype funciona muy bien pues te da antes de empezar a jugar la motivaci\u00f3n adecuada para cargarte al emperador. En mi caso ha funcionado mejor que las dos demos.<\/p>\n<p style=\"text-align: justify;\">Por cierto, tiene huevo de pascua al final de los cr\u00e9ditos:<\/p>\n<p style=\"text-align: justify;\">SPOILER<\/p>\n<p style=\"text-align: justify;\"><span style=\"color: #ffffff;\">Se ve en el coche a Noctis, Prompto, Gladiolus y Ignis diciendo que van a buscar a la prometida y se les para el coche. La animaci\u00f3n es mucho peor porque parece la de la primera demo de Final Fantasy XV, uniendo as\u00ed la historia de la pel\u00edcula con el juego.<\/span><\/p>\n<p style=\"text-align: justify;\">Fin SPOILER<\/p>\n<p style=\"text-align: justify;\">Saludos fremen.<\/p>\n","protected":false},"excerpt":{"rendered":"<p>No se puede decir que no le est\u00e9 dando oportunidades a Final Fantasy XV para que me guste. Primero las dos demos: no me gust\u00f3 demasiado la primera y me horroriz\u00f3 la segunda. A\u00fan as\u00ed, me gusta el Anime, me suele gustar Final Fantasy as\u00ed que, a pesar de las cr\u00edticas que ha recibido la &hellip; <a href=\"http:\/\/zonadelta.net\/atreides\/?p=1410\" class=\"more-link\">Sigue leyendo <span class=\"screen-reader-text\">Final Fantasy XV Kingsglaive<\/span><\/a><\/p>\n","protected":false},"author":2,"featured_media":0,"comment_status":"open","ping_status":"open","sticky":false,"template":"","format":"standard","meta":{"iawp_total_views":41,"footnotes":""},"categories":[88,76,48,93,104],"tags":[891,889,892,888,893,887],"class_list":["post-1410","post","type-post","status-publish","format-standard","hentry","category-accion","category-anime","category-ciencia-ficcion-2","category-fantasia","category-rol","tag-hajime-tabata","tag-insomnia","tag-lucis","tag-lunafreya","tag-nifleheim","tag-nyx-ulric"],"_links":{"self":[{"href":"http:\/\/zonadelta.net\/atreides\/index.php?rest_route=\/wp\/v2\/posts\/1410","targetHints":{"allow":["GET"]}}],"collection":[{"href":"http:\/\/zonadelta.net\/atreides\/index.php?rest_route=\/wp\/v2\/posts"}],"about":[{"href":"http:\/\/zonadelta.net\/atreides\/index.php?rest_route=\/wp\/v2\/types\/post"}],"author":[{"embeddable":true,"href":"http:\/\/zonadelta.net\/atreides\/index.php?rest_route=\/wp\/v2\/users\/2"}],"replies":[{"embeddable":true,"href":"http:\/\/zonadelta.net\/atreides\/index.php?rest_route=%2Fwp%2Fv2%2Fcomments&post=1410"}],"version-history":[{"count":8,"href":"http:\/\/zonadelta.net\/atreides\/index.php?rest_route=\/wp\/v2\/posts\/1410\/revisions"}],"predecessor-version":[{"id":1429,"href":"http:\/\/zonadelta.net\/atreides\/index.php?rest_route=\/wp\/v2\/posts\/1410\/revisions\/1429"}],"wp:attachment":[{"href":"http:\/\/zonadelta.net\/atreides\/index.php?rest_route=%2Fwp%2Fv2%2Fmedia&parent=1410"}],"wp:term":[{"taxonomy":"category","embeddable":true,"href":"http:\/\/zonadelta.net\/atreides\/index.php?rest_route=%2Fwp%2Fv2%2Fcategories&post=1410"},{"taxonomy":"post_tag","embeddable":true,"href":"http:\/\/zonadelta.net\/atreides\/index.php?rest_route=%2Fwp%2Fv2%2Ftags&post=1410"}],"curies":[{"name":"wp","href":"https:\/\/api.w.org\/{rel}","templated":true}]}}