{"id":1203,"date":"2016-05-05T23:46:36","date_gmt":"2016-05-05T22:46:36","guid":{"rendered":"http:\/\/zonadelta.net\/atreides\/?p=1203"},"modified":"2016-05-05T23:46:36","modified_gmt":"2016-05-05T22:46:36","slug":"el-recuerdo-de-marnie","status":"publish","type":"post","link":"http:\/\/zonadelta.net\/atreides\/?p=1203","title":{"rendered":"El recuerdo de Marnie"},"content":{"rendered":"<p style=\"text-align: justify;\"><img loading=\"lazy\" decoding=\"async\" class=\"aligncenter\" src=\"https:\/\/3.bp.blogspot.com\/-KtMjVxw_ZPw\/VuwGxrmYgII\/AAAAAAAAHW4\/mH2lL5-T-uA4mP18Ox0HI7PDAIm0RACfw\/s640\/getimage.jpg\" width=\"448\" height=\"640\" \/><\/p>\n<p style=\"text-align: justify;\">Aunque \u00abEl viento se levanta\u00bb fue la \u00faltima pel\u00edcula de Hayao Miyazaki, es esta que hoy comento la \u00faltima pel\u00edcula del Studio Ghibli, para m\u00ed el mejor estudio de animaci\u00f3n de todos los tiempos al que echar\u00e9 de menos por, por ejemplo, joyas como El recuerdo de Marnie.<\/p>\n<p style=\"text-align: justify;\">\u00a0<iframe loading=\"lazy\" src=\"https:\/\/www.youtube.com\/embed\/JeDyp2JkvEs\" width=\"560\" height=\"315\" frameborder=\"0\" allowfullscreen=\"allowfullscreen\"><\/iframe><!--more--><\/p>\n<p style=\"text-align: justify;\">El director, Hiromasa Yonebayashi, ya demostr\u00f3 su m\u00e1s que considerable talento en Arriety y el mundo de los diminutos y en este, su segundo largometraje, ha ido incluso m\u00e1s all\u00e1.<\/p>\n<p style=\"text-align: justify;\">La historia de una adolescente de doce a\u00f1os, Anna, que tiene que ir a casa de sus t\u00edos porque en Sapporo, donde reside, tiene Asma, se convierte en una gran historia entorno a una mansi\u00f3n y una chica que all\u00ed vive, Marnie, aunque se supone que la mansi\u00f3n lleva mucho tiempo vac\u00eda.<\/p>\n<p style=\"text-align: justify;\">Se podr\u00eda pensar con esta sinopsis que nos encontramos ante una pel\u00edcula de misterio sobrenatural, pero m\u00e1s bien es la versi\u00f3n nipona del realismo m\u00e1gico de Juan Rulfo o Garc\u00eda M\u00e1rquez. Suceden cosas extraordinarias que son aceptadas con total normalidad y aunque al final se da una cierta explicaci\u00f3n, no deja claro si lo que sucede es real, est\u00e1 en la mente de Anna o qu\u00e9. Porque en realidad ese misterio no es lo importante, lo importante es la historia de Anna, la amistad que forja con Marnie y m\u00e1s adelante con Sayaka y como estos acontecimientos cambian a la chica que lleg\u00f3 a principios del verano.<\/p>\n<p style=\"text-align: justify;\">En cuanto a la animaci\u00f3n, es animaci\u00f3n tradicional en la mejor l\u00ednea de Ghibli con personajes inolvidables desde su protagonista Anna, por supuesto Marnie, la pintora Hisako o el pescador taciturno que casi nunca habla.<\/p>\n<p><iframe loading=\"lazy\" title=\"\u266b Recuerdos de la Alhambra \/ Narciso Yepes\" width=\"660\" height=\"495\" src=\"https:\/\/www.youtube.com\/embed\/EQGBbLBShzk?feature=oembed\" frameborder=\"0\" allow=\"accelerometer; autoplay; clipboard-write; encrypted-media; gyroscope; picture-in-picture; web-share\" referrerpolicy=\"strict-origin-when-cross-origin\" allowfullscreen><\/iframe><\/p>\n<p style=\"text-align: justify;\">Respecto\u00a0a la m\u00fasica, es muy adecuada, orquestada y con piezas como \u00abRecuerdos de la alhambra\u00bb de Francisco T\u00e1rrega.<\/p>\n<p style=\"text-align: justify;\">Aunque el doblaje en espa\u00f1ol es tan bueno como suele ser, \u00a0merece la pena verla en versi\u00f3n original subtitulada porque la interpretaci\u00f3n original es a\u00fan mejor.<\/p>\n<p style=\"text-align: justify;\">Todos los elementos, historia, personajes, animaci\u00f3n y m\u00fasica se complementan perfectamente y dan como resultado una muy buena pel\u00edcula. \u00bfUna obra maestra como tantas que tiene Ghibli? Quiz\u00e1 no llegue a obra maestra, pero a pel\u00edcula muy, muy buena s\u00ed.<\/p>\n<p style=\"text-align: justify;\">Una bonita historia de conocimiento y aventura, con momentos muy emotivos, que fue nominada al Oscar a la mejor pel\u00edcula de animaci\u00f3n en 2015 y que tambi\u00e9n estuvo nominada por la academia japonesa a la mejor pel\u00edcula de animaci\u00f3n. Una preciosa pel\u00edcula reci\u00e9n estrenada en Espa\u00f1a y que recomiendo con entusiasmo. Una preciosa y dign\u00edsima despedida del gran Studio Ghibli.<\/p>\n<p style=\"text-align: justify;\">Saludos fremen.<\/p>\n","protected":false},"excerpt":{"rendered":"<p>Aunque \u00abEl viento se levanta\u00bb fue la \u00faltima pel\u00edcula de Hayao Miyazaki, es esta que hoy comento la \u00faltima pel\u00edcula del Studio Ghibli, para m\u00ed el mejor estudio de animaci\u00f3n de todos los tiempos al que echar\u00e9 de menos por, por ejemplo, joyas como El recuerdo de Marnie. \u00a0<\/p>\n","protected":false},"author":2,"featured_media":0,"comment_status":"open","ping_status":"open","sticky":false,"template":"","format":"standard","meta":{"iawp_total_views":7,"footnotes":""},"categories":[9,76,93],"tags":[716,714,713,185,719,717,715,718],"class_list":["post-1203","post","type-post","status-publish","format-standard","hentry","category-animacion","category-anime","category-fantasia","tag-arrietty","tag-aventura","tag-costumbrismo","tag-drama","tag-francisco-tarrega","tag-ghibli","tag-hiromasa-yonebayashi","tag-miyazaki"],"_links":{"self":[{"href":"http:\/\/zonadelta.net\/atreides\/index.php?rest_route=\/wp\/v2\/posts\/1203","targetHints":{"allow":["GET"]}}],"collection":[{"href":"http:\/\/zonadelta.net\/atreides\/index.php?rest_route=\/wp\/v2\/posts"}],"about":[{"href":"http:\/\/zonadelta.net\/atreides\/index.php?rest_route=\/wp\/v2\/types\/post"}],"author":[{"embeddable":true,"href":"http:\/\/zonadelta.net\/atreides\/index.php?rest_route=\/wp\/v2\/users\/2"}],"replies":[{"embeddable":true,"href":"http:\/\/zonadelta.net\/atreides\/index.php?rest_route=%2Fwp%2Fv2%2Fcomments&post=1203"}],"version-history":[{"count":1,"href":"http:\/\/zonadelta.net\/atreides\/index.php?rest_route=\/wp\/v2\/posts\/1203\/revisions"}],"predecessor-version":[{"id":1204,"href":"http:\/\/zonadelta.net\/atreides\/index.php?rest_route=\/wp\/v2\/posts\/1203\/revisions\/1204"}],"wp:attachment":[{"href":"http:\/\/zonadelta.net\/atreides\/index.php?rest_route=%2Fwp%2Fv2%2Fmedia&parent=1203"}],"wp:term":[{"taxonomy":"category","embeddable":true,"href":"http:\/\/zonadelta.net\/atreides\/index.php?rest_route=%2Fwp%2Fv2%2Fcategories&post=1203"},{"taxonomy":"post_tag","embeddable":true,"href":"http:\/\/zonadelta.net\/atreides\/index.php?rest_route=%2Fwp%2Fv2%2Ftags&post=1203"}],"curies":[{"name":"wp","href":"https:\/\/api.w.org\/{rel}","templated":true}]}}