{"id":1195,"date":"2016-05-03T11:47:40","date_gmt":"2016-05-03T10:47:40","guid":{"rendered":"http:\/\/zonadelta.net\/atreides\/?p=1195"},"modified":"2016-06-02T21:47:30","modified_gmt":"2016-06-02T20:47:30","slug":"siempre-he-querido-tener-un-cine","status":"publish","type":"post","link":"http:\/\/zonadelta.net\/atreides\/?p=1195","title":{"rendered":"Siempre he querido tener un cine"},"content":{"rendered":"<p style=\"text-align: justify;\"><img loading=\"lazy\" decoding=\"async\" src=\"http:\/\/i1347.photobucket.com\/albums\/p706\/AtreidesXXI\/cine-doreacute_zpsv8xqzxgy.jpg\" width=\"1024\" height=\"620\" \/><\/p>\n<p style=\"text-align: justify;\">Siempre me ha fascinado el cine. Mira que hay medios para contar historias pero cuando la pel\u00edcula es buena, cuando la contribuci\u00f3n de decenas de personas para contar una historia confluyen, el resultado es m\u00e1gico.<\/p>\n<p style=\"text-align: justify;\"><!--more--><\/p>\n<p style=\"text-align: justify;\">No s\u00e9 si realmente ser\u00e1n las primeras pel\u00edculas que vi, pero s\u00ed son las primeras que recuerdo haber visto y, por supuesto en el cine.<\/p>\n<p style=\"text-align: justify;\">Recuerdo siendo realmente peque\u00f1o que fui con mi padre a ver una pel\u00edcula en sesi\u00f3n doble. Es decir, yo iba a ver una de Lassie u otro perrito, no la recuerdo bien, y mi padre la siguiente, que tambi\u00e9n vi y que s\u00ed me qued\u00e9 con ella, era Fiebre del S\u00e1bado Noche.<\/p>\n<p style=\"text-align: justify;\">Tambi\u00e9n recuerdo haber ido a ver en los Cines Roma, actualmente la muy publicitada \u00d3ptica Roma, Tarz\u00e1n en Nueva York. En blanco y negro y obviamente un reestreno que, por lo que fuera, decidieron poner en el cine, disfrut\u00e9 enormemente con las peripecias de Johny Weissmuller por la gran manzana. Fueron las primeras, pero dejaron un gusanillo cin\u00e9filo que siempre se qued\u00f3 ah\u00ed. Me gustaba el cine pero con el transcurso de los a\u00f1os me di cuenta que d\u00f3nde realmente se disfrutan las pel\u00edculas es en el cine.<\/p>\n<figure style=\"width: 409px\" class=\"wp-caption aligncenter\"><img loading=\"lazy\" decoding=\"async\" class=\"\" src=\"http:\/\/www.doctormacro.com\/Images\/Posters\/T\/Poster%20-%20Tarzan's%20New%20York%20Adventure_07.jpg\" width=\"409\" height=\"828\" \/><figcaption class=\"wp-caption-text\">Tarz\u00e1n en Nueva York, una de mis primeras pel\u00edculas.<\/figcaption><\/figure>\n<p style=\"text-align: justify;\">Hace unos a\u00f1os era asiduo a la Filmoteca Nacional. Ciclos de Billy Wilder, de John Ford o de Alfred Hitchcock han pasado ante mis asombrados ojos. Hay pel\u00edculas que vistas en el cine no son lo mismo que verlas en la televisi\u00f3n por mucho que la televisi\u00f3n sea buena. As\u00ed descubr\u00ed que \u00abCon la muerte en los talones\u00bb es un pelicul\u00f3n cuando vi\u00e9ndola en casa siempre me hab\u00eda parecido simplemente entretenida. O la bajada por la escalera de Gloria Swanson en El crep\u00fasculo de los dioses. Todas las pel\u00edculas se ven mejor en el cine pero hay algunas que no parecen la misma pel\u00edcula.<\/p>\n<figure style=\"width: 700px\" class=\"wp-caption aligncenter\"><img loading=\"lazy\" decoding=\"async\" class=\"\" src=\"https:\/\/eltornillodeklaus.files.wordpress.com\/2013\/01\/large_north_by_northwest_blu-ray6.jpg\" width=\"700\" height=\"394\" \/><figcaption class=\"wp-caption-text\">Con la muerte en los talones. Es incre\u00edble lo que gana en cine.<\/figcaption><\/figure>\n<p style=\"text-align: justify;\">Pero el cine tiene sus pegas, no nos enga\u00f1emos, y cada vez m\u00e1s. Las pel\u00edculas duran un suspiro en cartelera, el precio es escandaloso, las mejores butacas tienen recargo especial, la coca cola y las palomitas cuestan lo que la cesta de la compra de una semana, los anuncios duran cerca de media hora y, encima, desde hace un tiempo alternan los trailers con anuncios. Antes los trailers iban todo seguidos y preparaban el inicio de la pel\u00edcula. Ahora parece una conexi\u00f3n con Tele 5. Y luego, lo peor, hay gente. Gente que entienden el cine de muchas maneras distintas, algunas bastante molestas para los dem\u00e1s.<\/p>\n<p style=\"text-align: justify;\">\u00bfCompensa por verlo en pantalla grande con sonido multicanal? Pues ah\u00ed est\u00e1 el quid de la cuesti\u00f3n. Si una de las caracter\u00edsticas clave de ver una pel\u00edcula en el cine es poder sumergirte en su historia, las molestias previas, el coste del mismo y la gente maleducada son barreras que plantearse si compensan o no la supuesta calidad de la pel\u00edcula. El resultado es que cada vez voy menos al cine. Pero no me gusta menos.<\/p>\n<p style=\"text-align: justify;\">En todos estos a\u00f1os siempre me he pasado la vida pensando que ser\u00eda genial tener un cine.<\/p>\n<figure style=\"width: 644px\" class=\"wp-caption aligncenter\"><img loading=\"lazy\" decoding=\"async\" class=\"\" src=\"http:\/\/www.abc.es\/Media\/201209\/29\/dore--644x380.jpg\" width=\"644\" height=\"380\" \/><figcaption class=\"wp-caption-text\">Yo quer\u00eda algo como esto, pero en casa.<\/figcaption><\/figure>\n<p style=\"text-align: justify;\">El poder tener una pantalla gigante, butacas comod\u00edsimas, ver las pel\u00edculas con los amigos y compartir una experiencia incre\u00edble sin todas las pegas que tienen las salas comerciales. Era una preciosa idea rom\u00e1ntica pero dif\u00edcil de llevar a cabo.<\/p>\n<p style=\"text-align: justify;\">El caso es que desde hace muchos a\u00f1os existen los proyectores pero nuestro piso tiene un sal\u00f3n un tanto peculiar, creado exclusivamente por el arquitecto y sus secuaces para amargarme la vida porque tiene una especie de cuadrado con un lado con forma de porci\u00f3n de tarta. En la parte cuadrada est\u00e1 el mirador. Para poder crear un rect\u00e1ngulo donde montar el televisor y el equipo multimedia cost\u00f3 un rato porque cada soluci\u00f3n ten\u00eda sus pros y su contras. Y meter un proyector era imposible. Adem\u00e1s, es muy dif\u00edcil justificar comprar un proyector y colgar una pantalla de m\u00e1s de dos metros si ya tienes un buen televisor.<\/p>\n<p style=\"text-align: justify;\">Pero siempre he so\u00f1ado con ese cine\u00a0y era verdad todo lo anterior, la televisi\u00f3n se ve muy bien y el sonido multicanal lo ten\u00edamos. El caso es que tenemos un buen amigo que s\u00ed tiene un proyector y ver las pel\u00edculas en su casa es una gozada, realmente era todo lo que quer\u00eda.<\/p>\n<p style=\"text-align: justify;\">Hablando con otro amigo, me hizo notar que la bolsa andaba realmente baja con valores como Telef\u00f3nica o Santander con el precio m\u00e1s bajo de los \u00faltimos dos a\u00f1os.<\/p>\n<p style=\"text-align: justify;\">Otros amigos me comentaron la reforma que estaban haciendo en casa y que estaban viendo los proyectores, como lo iban a colocar y como los Optoma eran de lo mejor en relaci\u00f3n calidad precio.<\/p>\n<p style=\"text-align: justify;\">Como puede verse, ser\u00e9 m\u00e1s o menos listo, pero tengo la suerte de tener buenos amigos y luego yo un\u00ed los puntos.<\/p>\n<figure style=\"width: 686px\" class=\"wp-caption aligncenter\"><a href=\"http:\/\/i1347.photobucket.com\/albums\/p706\/AtreidesXXI\/Ibex35%203%20uacuteltimos%20meses_zpssfqnpc7v.jpg\"><img loading=\"lazy\" decoding=\"async\" class=\"\" src=\"http:\/\/i1347.photobucket.com\/albums\/p706\/AtreidesXXI\/Ibex35%203%20uacuteltimos%20meses_zpssfqnpc7v.jpg\" width=\"686\" height=\"408\" \/><\/a><figcaption class=\"wp-caption-text\">Qui\u00e9n me iba a decir que esto iba a influir en tener o no un proyector<\/figcaption><\/figure>\n<p style=\"text-align: justify;\">Cog\u00ed una cantidad peque\u00f1a de dinero, investigu\u00e9 la trayectoria de los \u00faltimos dos a\u00f1os y compr\u00e9 acciones de Santander y Telef\u00f3nica. En 20 d\u00edas ten\u00eda un beneficio del 16% (los bancos est\u00e1n por debajo de 1% anual), as\u00ed que vend\u00ed.<br \/>\nEn paralelo estuve investigando los proyectores y midiendo el ancho del sal\u00f3n, la altura, desde d\u00f3nde tendr\u00eda que proyectar, c\u00f3mo sujetar la pantalla al techo, qu\u00e9 pantalla necesitaba, d\u00f3nde colocar el proyector porque en el techo no pod\u00eda, que hab\u00eda dos l\u00e1mparas de techo en distintos sitios del sal\u00f3n que pillaban justo en la l\u00ednea.<\/p>\n<p style=\"text-align: justify;\">En el mes de Abril, a principios, la bolsa volvi\u00f3 a bajar y lleg\u00f3 a los mismos niveles que cuando compr\u00e9 la primera vez, que era lo que hab\u00eda estado esperando. Esta vez invert\u00ed una cantidad m\u00e1s grande que segu\u00eda siendo una putada si me equivocaba pero no una tragedia y esper\u00e9 mientras segu\u00eda viendo cu\u00e1l iba a ser el elegido.<\/p>\n<p style=\"text-align: justify;\">Mucho l\u00edo para comprar algo que no es tan caro \u00bfverdad?. He le\u00eddo por ah\u00ed que lo llaman el factor WAT (Wife Acceptance Threat), es decir, si ten\u00eda la financiaci\u00f3n sin que disminuyera nuestro presupuesto para lo que ya estaba previsto, y pod\u00edamos ponerlo de forma que no rompiera la est\u00e9tica del sal\u00f3n (a m\u00ed ya me preocupaba si podr\u00edamos ponerlo, simplemente) entonces, adelante.<\/p>\n<p style=\"text-align: justify;\">El caso es que la bolsa subi\u00f3 lo suficiente y pude vender para comprar el proyector. Ya con el dinero me encontr\u00e9 con algunos problemas log\u00edsticos como por d\u00f3nde ir\u00edan los cables con un proyector normal. Como iba a ir sobre una mesita justo delante del sof\u00e1, creaba una especie de telara\u00f1a con el cable hasta las fuentes de alimentaci\u00f3n y de v\u00eddeo. O ten\u00eda que poner un sistema repetidor inal\u00e1mbrico que era car\u00edsimo y que encima ocupaba m\u00e1s espacio.<\/p>\n<p style=\"text-align: justify;\">Nuevamente mi amigo que se hab\u00eda encontrado con el mismo problema y hab\u00eda tenido uno me aconsej\u00f3 que ni me acercara, que no van muy bien, y que si no me hab\u00eda planteado un proyector de tiro corto que son m\u00e1s caros pero si descontaba lo que me iba a gastar con ese emisor a lo mejor me sal\u00eda a cuenta.<\/p>\n<figure style=\"width: 4436px\" class=\"wp-caption alignnone\"><img loading=\"lazy\" decoding=\"async\" class=\"\" src=\"http:\/\/cdn1.expertreviews.co.uk\/sites\/expertreviews\/files\/1\/95\/optoma_gt1080_1_0.jpg\" width=\"4436\" height=\"2792\" \/><figcaption class=\"wp-caption-text\">Al final este fue el elegido<\/figcaption><\/figure>\n<p style=\"text-align: justify;\">Otra investigaci\u00f3n sobre proyectores de tiro corto, que proyectan una pantalla de 90&#8243; con apenas 1 metro de distancia y s\u00ed son m\u00e1s caros pero sal\u00eda mejor de precio que el que ten\u00eda pensado m\u00e1s el sistema inal\u00e1mbrico y resolv\u00eda todos los problemas porque las fuentes,es decir, WD HD TV para las pel\u00edculas y series, las consolas y el Steam Link para los juegos y los bluray y el Movistar + ahora quedaban al lado y la conexi\u00f3n no molestaba a nadie. As\u00ed que, el elegido ha sido el Optoma Full HD 1070x.<\/p>\n<p style=\"text-align: justify;\">Luego estaba la pantalla. Lo que ten\u00eda claro es que ten\u00eda que estar colgada porque tener que mover una pantalla y colocarla para cualquier pel\u00edcula condenaba al proyector al fracaso. Y el\u00e9ctrica. Adem\u00e1s no deb\u00eda verse o lo menos posible.<\/p>\n<p style=\"text-align: justify;\">Lo suyo es que hubiera comprado una pantalla de 16:9 pues es el formato habitual pero ten\u00eda una pega. La pantalla tiene que bajar mucho desde el techo para poder quedar a la altura correcta d\u00f3nde enfoca el proyector as\u00ed que opt\u00e9 por una pantalla de 2&#215;2 metros que as\u00ed me daba una pantalla de 90&#8243; (2 m. x 1,13 m.) en 16:9 con el a\u00f1adido de que me serv\u00eda bien para las pel\u00edculas antiguas que todav\u00eda estaban rodadas en 4:3. La approx 200e me pareci\u00f3 muy bien por un precio contenido, poco peso y el\u00e9ctrica con mando a distancia.<\/p>\n<p style=\"text-align: justify;\">Teniendo ya todo, hab\u00eda que ejecutar el plan y fue el momento en que me vi forzado a devolverlo todo.<\/p>\n<figure style=\"width: 357px\" class=\"wp-caption aligncenter\"><img loading=\"lazy\" decoding=\"async\" class=\"\" src=\"http:\/\/www.wolfcraft.es\/uploads\/tx_commerce\/7750FS.jpg\" width=\"357\" height=\"239\" \/><figcaption class=\"wp-caption-text\">Broca de carburo de tungsteno. Mi nueva mejor amiga.<\/figcaption><\/figure>\n<p style=\"text-align: justify;\">No tengo mucha experiencia en bricolaje y fue incre\u00edblemente frustrante cuando voy a taladrar el primer agujero para colocar los ganchos y me encuentro que es una viga la que pasa por d\u00f3nde la iba a colgar.<\/p>\n<p style=\"text-align: justify;\">Dos agujeros m\u00e1s en distintos puntos de d\u00f3nde pod\u00eda colgarla dicen lo mismo, que tras medio cent\u00edmetro de escayola o pintura hay una viga a la que el taladro ni ara\u00f1a.<\/p>\n<p style=\"text-align: justify;\">Ya estaba a punto de enviarlo todo cuando, como \u00faltimo recurso, llamo a Mapfre que es con quien tenemos el seguro de la casa y que tiene un servicio de instalaciones, a ver si ellos pod\u00edan instalarlo. Viene el supuesto instalador y me dice que \u00e9l no hace eso, que es obrero, no t\u00e9cnico, que no sabe porqu\u00e9 le han dado el servicio a \u00e9l, que necesitar\u00eda un taladro especial y una broca especial, pero que no cree que sea una viga de acero, sino de hormig\u00f3n armado.<\/p>\n<figure style=\"width: 1024px\" class=\"wp-caption aligncenter\"><a href=\"http:\/\/i1347.photobucket.com\/albums\/p706\/AtreidesXXI\/IMG_20160501_131558_zpshynfuhmv.jpg\"><img loading=\"lazy\" decoding=\"async\" class=\"\" src=\"http:\/\/i1347.photobucket.com\/albums\/p706\/AtreidesXXI\/IMG_20160501_131558_zpshynfuhmv.jpg\" width=\"1024\" height=\"768\" \/><\/a><figcaption class=\"wp-caption-text\">Para los juegos tambi\u00e9n va a ir bien.<\/figcaption><\/figure>\n<p style=\"text-align: justify;\">Vuelta a buscar por internet y a consultar foros, pero la soluci\u00f3n es que me voy al CMB y le pido una broca para hormig\u00f3n. Me venden una TCT y con eso, mucha paciencia y mucha fuerza porque aunque el taladro es percutor, tiene 710w y hay que poner de mi parte lo que le falta de potencia, por fin consegu\u00ed colgarla.<\/p>\n<figure style=\"width: 1024px\" class=\"wp-caption aligncenter\"><a href=\"http:\/\/i1347.photobucket.com\/albums\/p706\/AtreidesXXI\/IMG_20160501_131111_zpswymp3ywt.jpg\"><img loading=\"lazy\" decoding=\"async\" class=\"\" src=\"http:\/\/i1347.photobucket.com\/albums\/p706\/AtreidesXXI\/IMG_20160501_131111_zpswymp3ywt.jpg\" width=\"1024\" height=\"768\" \/><\/a><figcaption class=\"wp-caption-text\">La primera prueba ha sido Star Wars, el despertar de la fuerza. Impresionante.<\/figcaption><\/figure>\n<p style=\"text-align: justify;\">Al final muy orgulloso de haber podido instalarla, la prueba de fuego, despu\u00e9s de haber probado estado yo probando con cine, series y videojuegos, fue ver anoche \u00abLa vida de Pi\u00bb con mi mujer y que disfrutara de la pel\u00edcula y de la instalaci\u00f3n. Con algunos peque\u00f1os flecos que tendr\u00e9 que solventar en mor de la paz del hogar, pero termin\u00f3 el experimento con nota. Todav\u00eda no ha terminado, sigo rematando flecos pero tengo el cine que quer\u00eda en casa. Muchas gracias a mis amigos, sin su ayuda no habr\u00eda sido posible. No ha sido f\u00e1cil, pero ha merecido la pena.<\/p>\n<p style=\"text-align: justify;\">Perd\u00f3n por el tocho tan largo que me ha quedado y muchas gracias por haberlo le\u00eddo.<\/p>\n<p style=\"text-align: justify;\">Saludos fremen<\/p>\n","protected":false},"excerpt":{"rendered":"<p>Siempre me ha fascinado el cine. Mira que hay medios para contar historias pero cuando la pel\u00edcula es buena, cuando la contribuci\u00f3n de decenas de personas para contar una historia confluyen, el resultado es m\u00e1gico.<\/p>\n","protected":false},"author":2,"featured_media":0,"comment_status":"open","ping_status":"open","sticky":false,"template":"","format":"standard","meta":{"iawp_total_views":21,"footnotes":""},"categories":[524],"tags":[712,711,710,709],"class_list":["post-1195","post","type-post","status-publish","format-standard","hentry","category-hardware","tag-cine-en-casa","tag-ibex35","tag-instalacion","tag-optoma"],"_links":{"self":[{"href":"http:\/\/zonadelta.net\/atreides\/index.php?rest_route=\/wp\/v2\/posts\/1195","targetHints":{"allow":["GET"]}}],"collection":[{"href":"http:\/\/zonadelta.net\/atreides\/index.php?rest_route=\/wp\/v2\/posts"}],"about":[{"href":"http:\/\/zonadelta.net\/atreides\/index.php?rest_route=\/wp\/v2\/types\/post"}],"author":[{"embeddable":true,"href":"http:\/\/zonadelta.net\/atreides\/index.php?rest_route=\/wp\/v2\/users\/2"}],"replies":[{"embeddable":true,"href":"http:\/\/zonadelta.net\/atreides\/index.php?rest_route=%2Fwp%2Fv2%2Fcomments&post=1195"}],"version-history":[{"count":9,"href":"http:\/\/zonadelta.net\/atreides\/index.php?rest_route=\/wp\/v2\/posts\/1195\/revisions"}],"predecessor-version":[{"id":1243,"href":"http:\/\/zonadelta.net\/atreides\/index.php?rest_route=\/wp\/v2\/posts\/1195\/revisions\/1243"}],"wp:attachment":[{"href":"http:\/\/zonadelta.net\/atreides\/index.php?rest_route=%2Fwp%2Fv2%2Fmedia&parent=1195"}],"wp:term":[{"taxonomy":"category","embeddable":true,"href":"http:\/\/zonadelta.net\/atreides\/index.php?rest_route=%2Fwp%2Fv2%2Fcategories&post=1195"},{"taxonomy":"post_tag","embeddable":true,"href":"http:\/\/zonadelta.net\/atreides\/index.php?rest_route=%2Fwp%2Fv2%2Ftags&post=1195"}],"curies":[{"name":"wp","href":"https:\/\/api.w.org\/{rel}","templated":true}]}}