{"id":1103,"date":"2016-02-18T23:52:22","date_gmt":"2016-02-18T22:52:22","guid":{"rendered":"http:\/\/zonadelta.net\/atreides\/?p=1103"},"modified":"2016-03-17T21:26:28","modified_gmt":"2016-03-17T20:26:28","slug":"las-nuevas-series-11-22-63","status":"publish","type":"post","link":"http:\/\/zonadelta.net\/atreides\/?p=1103","title":{"rendered":"Las nuevas series: 11.22.63"},"content":{"rendered":"<p style=\"text-align: justify;\"><img decoding=\"async\" src=\"http:\/\/screencrush.com\/442\/files\/2016\/02\/11-22-63-ew.jpg?w=630&amp;cdnnode=1\" alt=\"\" \/><\/p>\n<p style=\"text-align: justify;\">Era imposible que saliera mal. Si juntas toneladas de talento lo m\u00ednimo es que algo est\u00e9 muy bien y aqu\u00ed se cumple.<\/p>\n<p><a href=\"https:\/\/youtu.be\/NXUx__qQGew\">https:\/\/youtu.be\/NXUx__qQGew<\/a><\/p>\n<p style=\"text-align: justify;\"><!--more--><\/p>\n<p style=\"text-align: justify;\">Empezando porque Stephen King es uno de los privilegiados que tiene adaptaciones de gran calidad de sus libros y que aqu\u00ed est\u00e1 en el papel de productor vigilando el traspaso de su obra a la peque\u00f1a pantalla, que J.J. Abrams (Star Wars Episodio VIII el despertar de la fuerza) lleva un tiempo que lo que toca lo convierte en alt\u00edsima calidad y que han elegido a Kevin MacDonald (nominado al oscar por El \u00faltimo rey de Escocia) para dirigir el piloto.<\/p>\n<p style=\"text-align: justify;\">La gente detr\u00e1s es muy buena pero los protagonistas son m\u00e1s que solventes. James Franco (nominado al oscar por 127 horas) interpreta al protagonista, Jake Epping, un escritor que se gana la vida dando clases para adultos y que, estando en la cafeter\u00eda de siempre, el due\u00f1o, Al templeton (Chris Cooper, ganador del Oscar por Adaptation), en dos minutos de estar normal y entrar en la trastienda aparece con un c\u00e1ncer avanzado. Cuando le pregunta qu\u00e9 ha pasado, le dice que a l d\u00eda siguiente se lo contar\u00e1. Y se lo cuenta, en la cafeter\u00eda hay una puerta temporal que te lleva al 10 de Octubre de 1960, a las 11.58 de la ma\u00f1ana. Si vuelves y vuelves a entrar, se resetea y te encentras de nuevo en el mismo d\u00eda y a la misma hora.<\/p>\n<p style=\"text-align: justify;\">Hasta ah\u00ed es interesante pero lo m\u00e1s interesante es porqu\u00e9 se lo cuenta y es porque quiere que Jake haga lo que \u00e9l no ha podido por su enfermedad, que salve a JFK.<\/p>\n<p style=\"text-align: justify;\">Esto es el comienzo de un cap\u00edtulo de doble duraci\u00f3n magn\u00edfico. Para empezar, la ambientaci\u00f3n de 1960 es absolutamente convincente, con esos maravillosos coches, seguramente los m\u00e1s bonitos de la historia, pero sobre todo la historia de un hombre que puede cambiar el pasado, si bien con el problema de que el pasado tiende a protegerse de alteraciones. En cuanto a las interpretaciones, son muy correctas, pero no destacan especialmente porque lo que engancha es lo que sucede y c\u00f3mo est\u00e1 dispuesto a llegar a Oswald aunque primero quieren saber si realmente era el o no el asesino de Kennedy. Pero no es tan simple saber cu\u00e1ndo morir\u00e1 JFK y entonces salvarlo sino que tiene muchas complicaciones y, encima, es la cruzada de otro, por mucho que en un momento dado decida emprenderla. Quiz\u00e1 le pueda intentar m\u00e1s intentar corregir historias tr\u00e1gicas del presente que se desarrollaron en esas fechas.<\/p>\n<p style=\"text-align: justify;\">Deja muchos planteamientos abiertos lo bastante interesantes como para que prometa que la serie no va a resultar nada aburrida.<\/p>\n<p style=\"text-align: justify;\">El piloto tiene un ritmo en algunos momentos de g\u00e9nero negro, en otros de film policiaco.<\/p>\n<p style=\"text-align: justify;\">Muy buen primer cap\u00edtulo de una historia de viajes en el tiempo con su parte original y las dudas que quedan. Dudas como qu\u00e9 pasar\u00eda si entran dos personas y una sale y vuelve a entrar. Parece que ser\u00e1 una serie a seguir. Saludos fremen.<\/p>\n<p style=\"text-align: justify;\"><span style=\"color: #ff0000;\">[<\/span>Actualizaci\u00f3n<span style=\"color: #ff0000;\">] <span style=\"color: #000000;\">La serie se estrena en Espa\u00f1a el 6 de Abril de 2016 en Fox.<\/span><\/span><\/p>\n","protected":false},"excerpt":{"rendered":"<p>Era imposible que saliera mal. Si juntas toneladas de talento lo m\u00ednimo es que algo est\u00e9 muy bien y aqu\u00ed se cumple.<\/p>\n","protected":false},"author":2,"featured_media":0,"comment_status":"open","ping_status":"open","sticky":false,"template":"","format":"standard","meta":{"iawp_total_views":7,"footnotes":""},"categories":[48,94,7],"tags":[440,658,40,657,656],"class_list":["post-1103","post","type-post","status-publish","format-standard","hentry","category-ciencia-ficcion-2","category-policiaco","category-series-2","tag-j-j-abrams","tag-j-f-k","tag-james-franco","tag-macdonald","tag-stephen-king"],"_links":{"self":[{"href":"http:\/\/zonadelta.net\/atreides\/index.php?rest_route=\/wp\/v2\/posts\/1103","targetHints":{"allow":["GET"]}}],"collection":[{"href":"http:\/\/zonadelta.net\/atreides\/index.php?rest_route=\/wp\/v2\/posts"}],"about":[{"href":"http:\/\/zonadelta.net\/atreides\/index.php?rest_route=\/wp\/v2\/types\/post"}],"author":[{"embeddable":true,"href":"http:\/\/zonadelta.net\/atreides\/index.php?rest_route=\/wp\/v2\/users\/2"}],"replies":[{"embeddable":true,"href":"http:\/\/zonadelta.net\/atreides\/index.php?rest_route=%2Fwp%2Fv2%2Fcomments&post=1103"}],"version-history":[{"count":4,"href":"http:\/\/zonadelta.net\/atreides\/index.php?rest_route=\/wp\/v2\/posts\/1103\/revisions"}],"predecessor-version":[{"id":1130,"href":"http:\/\/zonadelta.net\/atreides\/index.php?rest_route=\/wp\/v2\/posts\/1103\/revisions\/1130"}],"wp:attachment":[{"href":"http:\/\/zonadelta.net\/atreides\/index.php?rest_route=%2Fwp%2Fv2%2Fmedia&parent=1103"}],"wp:term":[{"taxonomy":"category","embeddable":true,"href":"http:\/\/zonadelta.net\/atreides\/index.php?rest_route=%2Fwp%2Fv2%2Fcategories&post=1103"},{"taxonomy":"post_tag","embeddable":true,"href":"http:\/\/zonadelta.net\/atreides\/index.php?rest_route=%2Fwp%2Fv2%2Ftags&post=1103"}],"curies":[{"name":"wp","href":"https:\/\/api.w.org\/{rel}","templated":true}]}}