{"id":1074,"date":"2016-02-04T17:53:26","date_gmt":"2016-02-04T16:53:26","guid":{"rendered":"http:\/\/zonadelta.net\/atreides\/?p=1074"},"modified":"2016-02-04T17:54:00","modified_gmt":"2016-02-04T16:54:00","slug":"star-wars-obi-wan-y-anakin","status":"publish","type":"post","link":"http:\/\/zonadelta.net\/atreides\/?p=1074","title":{"rendered":"Star Wars: Obi Wan y Anakin"},"content":{"rendered":"<p style=\"text-align: justify;\"><a href=\"http:\/\/i1347.photobucket.com\/albums\/p706\/AtreidesXXI\/Obi-Wan%20amp%20Anakin%20003%20-%20Droid%20Factory%2000_zpsa6ifvgxm.jpg\"><img loading=\"lazy\" decoding=\"async\" class=\"alignnone\" src=\"http:\/\/i1347.photobucket.com\/albums\/p706\/AtreidesXXI\/Obi-Wan%20amp%20Anakin%20003%20-%20Droid%20Factory%2000_zpsa6ifvgxm.jpg\" alt=\"\" width=\"666\" height=\"1024\" \/><\/a>Nuevas colecciones se siguen publicando dentro del universo Star Wars y, como ha ido haciendo Marvel hasta el momento, con autores de una calidad contrastada.<\/p>\n<p style=\"text-align: justify;\">Esta es la primera historia que se publica dentro del \u00abNuevo Canon\u00bb de la primera\u00a0trilog\u00eda y los protagonistas son los que reza el t\u00edtulo. Se podr\u00eda situar entre Star Wars Episodio I La amenaza fantasma y Star Wars Episodio II El ataque de los Clones y arranca como una t\u00edpica acci\u00f3n de los Jedi ante una petici\u00f3n de ayuda, viajando Anakin y Obi Wan Kenobi al planeta\u00a0Carnelion IV para investigar esta\u00a0llamada.<!--more--><\/p>\n<figure style=\"width: 666px\" class=\"wp-caption alignnone\"><a href=\"http:\/\/i1347.photobucket.com\/albums\/p706\/AtreidesXXI\/Obi-Wan%20amp%20Anakin%20003%20-%20Droid%20Factory%2008_zps4qugvtky.jpg\"><img loading=\"lazy\" decoding=\"async\" src=\"http:\/\/i1347.photobucket.com\/albums\/p706\/AtreidesXXI\/Obi-Wan%20amp%20Anakin%20003%20-%20Droid%20Factory%2008_zps4qugvtky.jpg\" alt=\"\" width=\"666\" height=\"1024\" \/><\/a><figcaption class=\"wp-caption-text\">Tecnolog\u00eda muy distinta a la habitual en Star Wars<\/figcaption><\/figure>\n<p style=\"text-align: justify;\">El comic es de presentaci\u00f3n del peculiar planeta que se haya en una situaci\u00f3n postholocausto con una tecnolog\u00eda peculiar como la que se encuentran en el enfrentamiento \u00a0entre dirigibles.<\/p>\n<p style=\"text-align: justify;\">Tambi\u00e9n plantea una disyuntiva en la que se debate\u00a0un Anakin todav\u00eda\u00a0\u00a0muy joven.<\/p>\n<figure style=\"width: 666px\" class=\"wp-caption alignnone\"><a href=\"http:\/\/i1347.photobucket.com\/albums\/p706\/AtreidesXXI\/Obi-Wan%20amp%20Anakin%20003%20-%20Droid%20Factory%2012_zpshkbicgb6.jpg\"><img loading=\"lazy\" decoding=\"async\" class=\"\" src=\"http:\/\/i1347.photobucket.com\/albums\/p706\/AtreidesXXI\/Obi-Wan%20amp%20Anakin%20003%20-%20Droid%20Factory%2012_zpshkbicgb6.jpg\" alt=\"\" width=\"666\" height=\"1024\" \/><\/a><figcaption class=\"wp-caption-text\">Anakin entrenando en Coruscant bajo la cari\u00f1osa mirada del senador Palpatine<\/figcaption><\/figure>\n<p style=\"text-align: justify;\">La historia es obra de Charles Soule, un guionista muy en alza en Marvel pues fue el encargado de contar la Muerte de Wolverine, adem\u00e1s de haber escrito Inhumano y estar escribiendo\u00a0en la actualidad Daredevil y Civil War. Ya ten\u00eda experiencia en el Universo\u00a0Star Wars pues hab\u00eda escrito la miniserie Lando con dibujos de Alex Maleev (Daredevil) con muy buen resultado. Tambi\u00e9n escribir\u00e1 Poe Dameron sobre el piloto que aparece en Star Wars Episodio VII El despertar de la fuerza con dibujos de Phil Noto (Chewbacca).<\/p>\n<p style=\"text-align: justify;\">Hace un buen trabajo con un planteamiento aventurero e interesante, personajes que recuerdan a las pel\u00edculas y en definitiva un c\u00f3mic que se lee con mucho inter\u00e9s y que acontece en una \u00e9poca poco tratada como es la formaci\u00f3n de Anakin Skywalker, incluso mostrando un intento de bullyng con los resultados previsibles\u00a0para quien est\u00e1 destinado a ser Darth Vader.<\/p>\n<figure style=\"width: 666px\" class=\"wp-caption alignnone\"><a href=\"http:\/\/i1347.photobucket.com\/albums\/p706\/AtreidesXXI\/Obi-Wan%20amp%20Anakin%20003%20-%20Droid%20Factory%2018_zpsnfvonniz.jpg\"><img loading=\"lazy\" decoding=\"async\" class=\"\" src=\"http:\/\/i1347.photobucket.com\/albums\/p706\/AtreidesXXI\/Obi-Wan%20amp%20Anakin%20003%20-%20Droid%20Factory%2018_zpsnfvonniz.jpg\" alt=\"\" width=\"666\" height=\"1024\" \/><\/a><figcaption class=\"wp-caption-text\">Los amistosos nativos de Carnelion IV<\/figcaption><\/figure>\n<p style=\"text-align: justify;\">El dibujo es obra de un dibujante que me encanta. En general el apartado gr\u00e1fico en las colecciones de Star Wars es alt\u00edsimo pero posiblemente entre los dos o tres mejores\u00a0dibujantes est\u00e9 Marco Chechetto. Ya trabaj\u00f3 con el universo Star Wars en la magn\u00edfica miniserie Star Wars, Un imperio dividido junto a Greg Rucka al gui\u00f3n e hizo un gran trabajo. Aqu\u00ed no se queda corto y tambi\u00e9n realiza un magn\u00edfico trabajo.<\/p>\n<p style=\"text-align: justify;\">Un buen comic de Star Wars ambientado en una \u00e9poca poco conocida y que parec\u00eda condenada al ostracismo desde que Disney se hab\u00eda hecho con la franquicia pero que vuelve de una manera convincente.<\/p>\n<p style=\"text-align: justify;\">Saludos fremen.<\/p>\n","protected":false},"excerpt":{"rendered":"<p>Nuevas colecciones se siguen publicando dentro del universo Star Wars y, como ha ido haciendo Marvel hasta el momento, con autores de una calidad contrastada. Esta es la primera historia que se publica dentro del \u00abNuevo Canon\u00bb de la primera\u00a0trilog\u00eda y los protagonistas son los que reza el t\u00edtulo. Se podr\u00eda situar entre Star Wars &hellip; <a href=\"http:\/\/zonadelta.net\/atreides\/?p=1074\" class=\"more-link\">Sigue leyendo <span class=\"screen-reader-text\">Star Wars: Obi Wan y Anakin<\/span><\/a><\/p>\n","protected":false},"author":2,"featured_media":483,"comment_status":"open","ping_status":"open","sticky":false,"template":"","format":"standard","meta":{"iawp_total_views":12,"footnotes":""},"categories":[48,10],"tags":[631,628,629,630],"class_list":["post-1074","post","type-post","status-publish","format-standard","has-post-thumbnail","hentry","category-ciencia-ficcion-2","category-comic","tag-carnelion-iv","tag-charles-soule","tag-marco-chechetto","tag-nuevo-canon"],"_links":{"self":[{"href":"http:\/\/zonadelta.net\/atreides\/index.php?rest_route=\/wp\/v2\/posts\/1074","targetHints":{"allow":["GET"]}}],"collection":[{"href":"http:\/\/zonadelta.net\/atreides\/index.php?rest_route=\/wp\/v2\/posts"}],"about":[{"href":"http:\/\/zonadelta.net\/atreides\/index.php?rest_route=\/wp\/v2\/types\/post"}],"author":[{"embeddable":true,"href":"http:\/\/zonadelta.net\/atreides\/index.php?rest_route=\/wp\/v2\/users\/2"}],"replies":[{"embeddable":true,"href":"http:\/\/zonadelta.net\/atreides\/index.php?rest_route=%2Fwp%2Fv2%2Fcomments&post=1074"}],"version-history":[{"count":2,"href":"http:\/\/zonadelta.net\/atreides\/index.php?rest_route=\/wp\/v2\/posts\/1074\/revisions"}],"predecessor-version":[{"id":1076,"href":"http:\/\/zonadelta.net\/atreides\/index.php?rest_route=\/wp\/v2\/posts\/1074\/revisions\/1076"}],"wp:featuredmedia":[{"embeddable":true,"href":"http:\/\/zonadelta.net\/atreides\/index.php?rest_route=\/wp\/v2\/media\/483"}],"wp:attachment":[{"href":"http:\/\/zonadelta.net\/atreides\/index.php?rest_route=%2Fwp%2Fv2%2Fmedia&parent=1074"}],"wp:term":[{"taxonomy":"category","embeddable":true,"href":"http:\/\/zonadelta.net\/atreides\/index.php?rest_route=%2Fwp%2Fv2%2Fcategories&post=1074"},{"taxonomy":"post_tag","embeddable":true,"href":"http:\/\/zonadelta.net\/atreides\/index.php?rest_route=%2Fwp%2Fv2%2Ftags&post=1074"}],"curies":[{"name":"wp","href":"https:\/\/api.w.org\/{rel}","templated":true}]}}